{"id":6474,"date":"2017-07-11T09:02:01","date_gmt":"2017-07-11T09:02:01","guid":{"rendered":"http:\/\/www.ulsguarda.min-saude.pt\/?p=6474"},"modified":"2017-07-11T09:03:29","modified_gmt":"2017-07-11T09:03:29","slug":"uls-assinou-protocolo-de-cooperacao-com-ipg-e-municipio-da-guarda","status":"publish","type":"post","link":"https:\/\/portaisuls-qua.azurewebsites.net\/ulsg\/noticias\/uls-assinou-protocolo-de-cooperacao-com-ipg-e-municipio-da-guarda\/","title":{"rendered":"ULS assinou protocolo de coopera\u00e7\u00e3o com IPG e Munic\u00edpio da Guarda"},"content":{"rendered":"<p>A ULS da Guarda assinou esta segunda-feira um protocolo de colabora\u00e7\u00e3o com o Instituto Polit\u00e9cnico da Guarda e Munic\u00edpio da Guarda.<\/p>\n<p>O projeto designado como \u201cGMovE+\u201d tem como objetivo aumentar a pr\u00e1tica regular de atividade f\u00edsica pelas pessoas idosas da Guarda, contribuindo assim para um envelhecimento saud\u00e1vel e para uma vida independente mais prolongada. Para alcan\u00e7ar este objetivo, pretende-se implementar um programa de interven\u00e7\u00e3o multidisciplinar, apoiado por tecnologias de informa\u00e7\u00e3o e comunica\u00e7\u00e3o.<\/p>\n<p>Nesta parceria, compete \u00e0 ULS colaborar na operacionaliza\u00e7\u00e3o do projeto, nomeadamente no apoio \u00e0 execu\u00e7\u00e3o das medidas para a concretiza\u00e7\u00e3o dos objetivos.<\/p>\n<p>A ULS compromete-se ainda a:<\/p>\n<ul>\n<li>Divulgar e promover a\u00e7\u00f5es de sensibiliza\u00e7\u00e3o dirigidas \u00e0 promo\u00e7\u00e3o de atividade f\u00edsica nas suas \u00e1reas e setores de interven\u00e7\u00e3o;<\/li>\n<li>Realizar, participar ou aderir a iniciativas conducentes \u00e0 mobiliza\u00e7\u00e3o de recursos que beneficiem a implementa\u00e7\u00e3o do projeto;<\/li>\n<li>Permitir o acesso aos locais de realiza\u00e7\u00e3o das a\u00e7\u00f5es previstas no projeto, disponibilizando um espa\u00e7o f\u00edsico para as avalia\u00e7\u00f5es, a\u00e7\u00f5es de sensibiliza\u00e7\u00e3o e aconselhamento de atividade f\u00edsica.<\/li>\n<\/ul>\n","protected":false},"excerpt":{"rendered":"<p>A ULS da Guarda assinou esta segunda-feira um protocolo de colabora\u00e7\u00e3o com o Instituto Polit\u00e9cnico da Guarda e Munic\u00edpio da Guarda. O projeto designado como \u201cGMovE+\u201d tem como objetivo aumentar a pr\u00e1tica regular de atividade f\u00edsica pelas pessoas idosas da Guarda, contribuindo assim para um envelhecimento saud\u00e1vel e para uma vida independente mais prolongada. Para [&hellip;]<\/p>\n","protected":false},"author":46,"featured_media":6475,"comment_status":"open","ping_status":"open","sticky":false,"template":"","format":"standard","meta":{"footnotes":""},"categories":[8],"tags":[],"class_list":["post-6474","post","type-post","status-publish","format-standard","has-post-thumbnail","hentry","category-noticias"],"_links":{"self":[{"href":"https:\/\/portaisuls-qua.azurewebsites.net\/ulsg\/wp-json\/wp\/v2\/posts\/6474","targetHints":{"allow":["GET"]}}],"collection":[{"href":"https:\/\/portaisuls-qua.azurewebsites.net\/ulsg\/wp-json\/wp\/v2\/posts"}],"about":[{"href":"https:\/\/portaisuls-qua.azurewebsites.net\/ulsg\/wp-json\/wp\/v2\/types\/post"}],"author":[{"embeddable":true,"href":"https:\/\/portaisuls-qua.azurewebsites.net\/ulsg\/wp-json\/wp\/v2\/users\/46"}],"replies":[{"embeddable":true,"href":"https:\/\/portaisuls-qua.azurewebsites.net\/ulsg\/wp-json\/wp\/v2\/comments?post=6474"}],"version-history":[{"count":1,"href":"https:\/\/portaisuls-qua.azurewebsites.net\/ulsg\/wp-json\/wp\/v2\/posts\/6474\/revisions"}],"predecessor-version":[{"id":6476,"href":"https:\/\/portaisuls-qua.azurewebsites.net\/ulsg\/wp-json\/wp\/v2\/posts\/6474\/revisions\/6476"}],"wp:featuredmedia":[{"embeddable":true,"href":"https:\/\/portaisuls-qua.azurewebsites.net\/ulsg\/wp-json\/wp\/v2\/media\/6475"}],"wp:attachment":[{"href":"https:\/\/portaisuls-qua.azurewebsites.net\/ulsg\/wp-json\/wp\/v2\/media?parent=6474"}],"wp:term":[{"taxonomy":"category","embeddable":true,"href":"https:\/\/portaisuls-qua.azurewebsites.net\/ulsg\/wp-json\/wp\/v2\/categories?post=6474"},{"taxonomy":"post_tag","embeddable":true,"href":"https:\/\/portaisuls-qua.azurewebsites.net\/ulsg\/wp-json\/wp\/v2\/tags?post=6474"}],"curies":[{"name":"wp","href":"https:\/\/api.w.org\/{rel}","templated":true}]}}