{"id":6482,"date":"2017-07-14T13:39:04","date_gmt":"2017-07-14T13:39:04","guid":{"rendered":"http:\/\/www.ulsguarda.min-saude.pt\/?p=6482"},"modified":"2017-07-14T13:39:38","modified_gmt":"2017-07-14T13:39:38","slug":"5-a-caminhada-de-pernas-aos-seus-pulmoes","status":"publish","type":"post","link":"https:\/\/portaisuls-qua.azurewebsites.net\/ulsg\/noticias\/5-a-caminhada-de-pernas-aos-seus-pulmoes\/","title":{"rendered":"5.\u00aa Caminhada \u201cD\u00ea pernas aos seus pulm\u00f5es\u201d"},"content":{"rendered":"<p>Com o objetivo de educar para a Sa\u00fade e desmistificar os receios dos doentes com problemas respirat\u00f3rios em rela\u00e7\u00e3o \u00e0 atividade f\u00edsica, o Setor de Reabilita\u00e7\u00e3o Respirat\u00f3ria do Servi\u00e7o de Pneumologia do HSM realizou esta sexta-feira, ao inicio da manh\u00e3, mais uma caminhada destinada a doentes respirat\u00f3rios cr\u00f3nicos e com patologias obstrutivas e restritivas.<\/p>\n<p>A caminhada, inserida no projeto \u201cD\u00ea pernas aos seus pulm\u00f5es\u201d foi feita no Parque da Sa\u00fade e contou com um percurso de pouco mais de um quil\u00f3metro.\u00a0 Os nossos utentes e profissionais tiveram a oportunidade de tirar partido do ar puro e das sombras da vasta vegeta\u00e7\u00e3o deste \u201cpulm\u00e3o\u201d da cidade.<\/p>\n","protected":false},"excerpt":{"rendered":"<p>Com o objetivo de educar para a Sa\u00fade e desmistificar os receios dos doentes com problemas respirat\u00f3rios em rela\u00e7\u00e3o \u00e0 atividade f\u00edsica, o Setor de Reabilita\u00e7\u00e3o Respirat\u00f3ria do Servi\u00e7o de Pneumologia do HSM realizou esta sexta-feira, ao inicio da manh\u00e3, mais uma caminhada destinada a doentes respirat\u00f3rios cr\u00f3nicos e com patologias obstrutivas e restritivas. A [&hellip;]<\/p>\n","protected":false},"author":46,"featured_media":6483,"comment_status":"open","ping_status":"open","sticky":false,"template":"","format":"standard","meta":{"footnotes":""},"categories":[8],"tags":[],"class_list":["post-6482","post","type-post","status-publish","format-standard","has-post-thumbnail","hentry","category-noticias"],"_links":{"self":[{"href":"https:\/\/portaisuls-qua.azurewebsites.net\/ulsg\/wp-json\/wp\/v2\/posts\/6482","targetHints":{"allow":["GET"]}}],"collection":[{"href":"https:\/\/portaisuls-qua.azurewebsites.net\/ulsg\/wp-json\/wp\/v2\/posts"}],"about":[{"href":"https:\/\/portaisuls-qua.azurewebsites.net\/ulsg\/wp-json\/wp\/v2\/types\/post"}],"author":[{"embeddable":true,"href":"https:\/\/portaisuls-qua.azurewebsites.net\/ulsg\/wp-json\/wp\/v2\/users\/46"}],"replies":[{"embeddable":true,"href":"https:\/\/portaisuls-qua.azurewebsites.net\/ulsg\/wp-json\/wp\/v2\/comments?post=6482"}],"version-history":[{"count":1,"href":"https:\/\/portaisuls-qua.azurewebsites.net\/ulsg\/wp-json\/wp\/v2\/posts\/6482\/revisions"}],"predecessor-version":[{"id":6484,"href":"https:\/\/portaisuls-qua.azurewebsites.net\/ulsg\/wp-json\/wp\/v2\/posts\/6482\/revisions\/6484"}],"wp:featuredmedia":[{"embeddable":true,"href":"https:\/\/portaisuls-qua.azurewebsites.net\/ulsg\/wp-json\/wp\/v2\/media\/6483"}],"wp:attachment":[{"href":"https:\/\/portaisuls-qua.azurewebsites.net\/ulsg\/wp-json\/wp\/v2\/media?parent=6482"}],"wp:term":[{"taxonomy":"category","embeddable":true,"href":"https:\/\/portaisuls-qua.azurewebsites.net\/ulsg\/wp-json\/wp\/v2\/categories?post=6482"},{"taxonomy":"post_tag","embeddable":true,"href":"https:\/\/portaisuls-qua.azurewebsites.net\/ulsg\/wp-json\/wp\/v2\/tags?post=6482"}],"curies":[{"name":"wp","href":"https:\/\/api.w.org\/{rel}","templated":true}]}}