{"id":6587,"date":"2017-08-03T15:31:56","date_gmt":"2017-08-03T15:31:56","guid":{"rendered":"http:\/\/www.ulsguarda.min-saude.pt\/?p=6587"},"modified":"2017-08-04T11:09:44","modified_gmt":"2017-08-04T11:09:44","slug":"ulsg-ajuda-as-criancas-a-nao-terem-medo-das-cirurgias","status":"publish","type":"post","link":"https:\/\/portaisuls-qua.azurewebsites.net\/ulsg\/noticias\/ulsg-ajuda-as-criancas-a-nao-terem-medo-das-cirurgias\/","title":{"rendered":"ULSG AJUDA AS CRIAN\u00c7AS A N\u00c3O TEREM MEDO DAS CIRURGIAS"},"content":{"rendered":"<p>A ULS Guarda acolhe positivamente as medidas do Governo publicadas esta quarta-feira em Di\u00e1rio da Rep\u00fablica e que refor\u00e7am a humaniza\u00e7\u00e3o dos servi\u00e7os hospitalares, particularmente quando s\u00e3o intervenientes crian\u00e7as, jovens at\u00e9 aos dezoito anos de idade, adultos dependentes, ou adultos portadores de defici\u00eancia.<\/p>\n<p>O despacho assinado pelo Secret\u00e1rio de Estado Adjunto e da Sa\u00fade estabelece um conjunto de medidas e procedimentos a aplicar nos servi\u00e7os de cirurgia, garantindo que os pais ou os acompanhantes possam estar presentes em dois momentos emocionalmente cr\u00edticos; a indu\u00e7\u00e3o da anestesia e o recobro.<\/p>\n<p>Por estar cientificamente provado que esses dois momentos podem gerar quadros de ansiedade e comportamentos p\u00f3s-traum\u00e1ticos, as unidades de cirurgia do Servi\u00e7o Nacional de Sa\u00fade t\u00eam at\u00e9 31 de dezembro de 2017 para criarem as condi\u00e7\u00f5es que garantam a aplica\u00e7\u00e3o do referido despacho.<\/p>\n<p>A ULS da Guarda, no \u00e2mbito da sua pol\u00edtica de cria\u00e7\u00e3o de um ambiente favor\u00e1vel \u00e0 promo\u00e7\u00e3o e defesa da sa\u00fade, tem j\u00e1 em aplica\u00e7\u00e3o um procedimento que garante aos pais ou aos acompanhantes de crian\u00e7as a sua presen\u00e7a na sala do recobro, mitigando assim as situa\u00e7\u00f5es de ansiedade relacionadas com o acordar ap\u00f3s a cirurgia. Com a sa\u00edda do despacho 6668\/2017, a ULS da Guarda vai refor\u00e7ar as medidas que vem aplicando, querendo ser cada vez mais amiga das crian\u00e7as.<\/p>\n","protected":false},"excerpt":{"rendered":"<p>A ULS Guarda acolhe positivamente as medidas do Governo publicadas esta quarta-feira em Di\u00e1rio da Rep\u00fablica e que refor\u00e7am a humaniza\u00e7\u00e3o dos servi\u00e7os hospitalares, particularmente quando s\u00e3o intervenientes crian\u00e7as, jovens at\u00e9 aos dezoito anos de idade, adultos dependentes, ou adultos portadores de defici\u00eancia. O despacho assinado pelo Secret\u00e1rio de Estado Adjunto e da Sa\u00fade estabelece [&hellip;]<\/p>\n","protected":false},"author":46,"featured_media":6588,"comment_status":"open","ping_status":"open","sticky":false,"template":"","format":"standard","meta":{"footnotes":""},"categories":[8],"tags":[],"class_list":["post-6587","post","type-post","status-publish","format-standard","has-post-thumbnail","hentry","category-noticias"],"_links":{"self":[{"href":"https:\/\/portaisuls-qua.azurewebsites.net\/ulsg\/wp-json\/wp\/v2\/posts\/6587","targetHints":{"allow":["GET"]}}],"collection":[{"href":"https:\/\/portaisuls-qua.azurewebsites.net\/ulsg\/wp-json\/wp\/v2\/posts"}],"about":[{"href":"https:\/\/portaisuls-qua.azurewebsites.net\/ulsg\/wp-json\/wp\/v2\/types\/post"}],"author":[{"embeddable":true,"href":"https:\/\/portaisuls-qua.azurewebsites.net\/ulsg\/wp-json\/wp\/v2\/users\/46"}],"replies":[{"embeddable":true,"href":"https:\/\/portaisuls-qua.azurewebsites.net\/ulsg\/wp-json\/wp\/v2\/comments?post=6587"}],"version-history":[{"count":2,"href":"https:\/\/portaisuls-qua.azurewebsites.net\/ulsg\/wp-json\/wp\/v2\/posts\/6587\/revisions"}],"predecessor-version":[{"id":6590,"href":"https:\/\/portaisuls-qua.azurewebsites.net\/ulsg\/wp-json\/wp\/v2\/posts\/6587\/revisions\/6590"}],"wp:featuredmedia":[{"embeddable":true,"href":"https:\/\/portaisuls-qua.azurewebsites.net\/ulsg\/wp-json\/wp\/v2\/media\/6588"}],"wp:attachment":[{"href":"https:\/\/portaisuls-qua.azurewebsites.net\/ulsg\/wp-json\/wp\/v2\/media?parent=6587"}],"wp:term":[{"taxonomy":"category","embeddable":true,"href":"https:\/\/portaisuls-qua.azurewebsites.net\/ulsg\/wp-json\/wp\/v2\/categories?post=6587"},{"taxonomy":"post_tag","embeddable":true,"href":"https:\/\/portaisuls-qua.azurewebsites.net\/ulsg\/wp-json\/wp\/v2\/tags?post=6587"}],"curies":[{"name":"wp","href":"https:\/\/api.w.org\/{rel}","templated":true}]}}