{"id":6593,"date":"2017-08-08T09:02:36","date_gmt":"2017-08-08T09:02:36","guid":{"rendered":"http:\/\/www.ulsguarda.min-saude.pt\/?p=6593"},"modified":"2017-08-08T10:18:32","modified_gmt":"2017-08-08T10:18:32","slug":"mexe-te-com-o-verao-freguesias","status":"publish","type":"post","link":"https:\/\/portaisuls-qua.azurewebsites.net\/ulsg\/noticias\/mexe-te-com-o-verao-freguesias\/","title":{"rendered":"Gouveia: Mexe-te com o Ver\u00e3o \u2013 Freguesias"},"content":{"rendered":"<p>A Unidade de Cuidados na Comunidade de Gouveia (ULS Guarda) em parceria com o Munic\u00edpio de Gouveia, tem vindo a promover a implementa\u00e7\u00e3o do <strong><em>Projeto Mexe-te Gouveia<\/em><\/strong> inserido no \u00e2mbito das atividades de exerc\u00edcio f\u00edsico e sa\u00fade (Avalia\u00e7\u00e3o do Risco Cardiovascular), e do <strong><em>Projeto Diz n\u00e3o\u00a0\u00e0 Diabetes<\/em><\/strong> que envolve a aplica\u00e7\u00e3o do FINRISK\u00a0\u00e0 popula\u00e7\u00e3o com idades 20-79 anos.<\/p>\n<p>A interven\u00e7\u00e3o das Equipas parceiras foi alargada \u00e0s diferentes freguesias e aldeias do concelho de Gouveia decorrendo at\u00e9 final de Agosto, abrangendo aulas de psicomotricidade e express\u00e3o f\u00edsico-motora para os mais novos, aulas de gin\u00e1stica s\u00e9nior enquadrada para pessoas da terceira idade, caminhadas abertas a toda a popula\u00e7\u00e3o, e a realiza\u00e7\u00e3o de avalia\u00e7\u00f5es de risco cardiovascular e Diabetes.<\/p>\n<p>Mais uma iniciativa que tem por objetivo promover o bem-estar individual e coletivo na comunidade Gouveense visando sempre uma melhor qualidade de vida e ganhos em sa\u00fade, demonstrando que os Cuidados de Sa\u00fade Prim\u00e1rios s\u00e3o a pedra base da Preven\u00e7\u00e3o da Doen\u00e7a e Promo\u00e7\u00e3o da Sa\u00fade.<\/p>\n","protected":false},"excerpt":{"rendered":"<p>A Unidade de Cuidados na Comunidade de Gouveia (ULS Guarda) em parceria com o Munic\u00edpio de Gouveia, tem vindo a promover a implementa\u00e7\u00e3o do Projeto Mexe-te Gouveia inserido no \u00e2mbito das atividades de exerc\u00edcio f\u00edsico e sa\u00fade (Avalia\u00e7\u00e3o do Risco Cardiovascular), e do Projeto Diz n\u00e3o\u00a0\u00e0 Diabetes que envolve a aplica\u00e7\u00e3o do FINRISK\u00a0\u00e0 popula\u00e7\u00e3o com [&hellip;]<\/p>\n","protected":false},"author":46,"featured_media":6594,"comment_status":"open","ping_status":"open","sticky":false,"template":"","format":"standard","meta":{"footnotes":""},"categories":[8],"tags":[],"class_list":["post-6593","post","type-post","status-publish","format-standard","has-post-thumbnail","hentry","category-noticias"],"_links":{"self":[{"href":"https:\/\/portaisuls-qua.azurewebsites.net\/ulsg\/wp-json\/wp\/v2\/posts\/6593","targetHints":{"allow":["GET"]}}],"collection":[{"href":"https:\/\/portaisuls-qua.azurewebsites.net\/ulsg\/wp-json\/wp\/v2\/posts"}],"about":[{"href":"https:\/\/portaisuls-qua.azurewebsites.net\/ulsg\/wp-json\/wp\/v2\/types\/post"}],"author":[{"embeddable":true,"href":"https:\/\/portaisuls-qua.azurewebsites.net\/ulsg\/wp-json\/wp\/v2\/users\/46"}],"replies":[{"embeddable":true,"href":"https:\/\/portaisuls-qua.azurewebsites.net\/ulsg\/wp-json\/wp\/v2\/comments?post=6593"}],"version-history":[{"count":4,"href":"https:\/\/portaisuls-qua.azurewebsites.net\/ulsg\/wp-json\/wp\/v2\/posts\/6593\/revisions"}],"predecessor-version":[{"id":6598,"href":"https:\/\/portaisuls-qua.azurewebsites.net\/ulsg\/wp-json\/wp\/v2\/posts\/6593\/revisions\/6598"}],"wp:featuredmedia":[{"embeddable":true,"href":"https:\/\/portaisuls-qua.azurewebsites.net\/ulsg\/wp-json\/wp\/v2\/media\/6594"}],"wp:attachment":[{"href":"https:\/\/portaisuls-qua.azurewebsites.net\/ulsg\/wp-json\/wp\/v2\/media?parent=6593"}],"wp:term":[{"taxonomy":"category","embeddable":true,"href":"https:\/\/portaisuls-qua.azurewebsites.net\/ulsg\/wp-json\/wp\/v2\/categories?post=6593"},{"taxonomy":"post_tag","embeddable":true,"href":"https:\/\/portaisuls-qua.azurewebsites.net\/ulsg\/wp-json\/wp\/v2\/tags?post=6593"}],"curies":[{"name":"wp","href":"https:\/\/api.w.org\/{rel}","templated":true}]}}