{"id":6613,"date":"2017-08-14T19:23:54","date_gmt":"2017-08-14T19:23:54","guid":{"rendered":"http:\/\/www.ulsguarda.min-saude.pt\/?p=6613"},"modified":"2017-08-14T19:24:08","modified_gmt":"2017-08-14T19:24:08","slug":"nao-a-diabetes-no-municipio-de-seia","status":"publish","type":"post","link":"https:\/\/portaisuls-qua.azurewebsites.net\/ulsg\/noticias\/nao-a-diabetes-no-municipio-de-seia\/","title":{"rendered":"\u201cN\u00c3O \u00c0 DIABETES\u201d NO MUNIC\u00cdPIO DE SEIA"},"content":{"rendered":"<p>O Centro de Sa\u00fade de Seia (UCSP e UCC) em parceria com o Munic\u00edpio de Seia, est\u00e3o presentes nas Festas do Concelho de Seia, que decorrem de 11 a 15 de Agosto, para divulga\u00e7\u00e3o e implementa\u00e7\u00e3o do Projeto \u201c<strong>N\u00e3o \u00e0 Diabetes<\/strong>\u201d aplicando o question\u00e1rio da avalia\u00e7\u00e3o de risco aos utentes do Centro de Sa\u00fade.<\/p>\n<p>A diabetes \u00e9 uma das patologias cr\u00f3nicas cujo aumento da incid\u00eancia tem sido constante, o que afeta seriamente os recursos em sa\u00fade.<\/p>\n<p>A diabetes tipo 2, a mais prevalente e a que mais tem aumentado, pode ser prevenida ou, pelo menos, o seu aparecimento pode ser atrasado de modo significativo.<\/p>\n<p>Esse objetivo ser\u00e1 alcan\u00e7ado por meio de mudan\u00e7as do estilo de vida, que t\u00eam de ser aculturadas, como os h\u00e1bitos individuais: manter-se fisicamente ativo, adotar uma alimenta\u00e7\u00e3o que seja saud\u00e1vel, parar h\u00e1bitos tab\u00e1gicos.<\/p>\n<p>O Desafio Gulbenkian \u201c<strong>N\u00e3o \u00e0 Diabetes!\u201d<\/strong> procura constituir uma abordagem que demonstre o modo como as estruturas aut\u00e1rquicas, as institui\u00e7\u00f5es de sa\u00fade locais, regionais e nacionais, a sociedade em geral, bem como as pessoas individuais, se podem organizar e cooperar para combater a progress\u00e3o da doen\u00e7a.<\/p>\n<p>O primeiro objetivo passa pela identifica\u00e7\u00e3o da popula\u00e7\u00e3o potencialmente diab\u00e9tica e pr\u00e9-diab\u00e9tica, que passa pela avalia\u00e7\u00e3o de 25% do total de popula\u00e7\u00e3o adulta (20-79 anos) de cada Munic\u00edpio participante, mediante aplica\u00e7\u00e3o do question\u00e1rio de avalia\u00e7\u00e3o de risco FINDRISK adotado pelo Programa Nacional para a Diabetes.<\/p>\n<p>Para mais informa\u00e7\u00f5es pode ser consultado o site: <a href=\"http:\/\/naoadiabetes.pt\/media\/\">http:\/\/naoadiabetes.pt\/media\/<\/a><\/p>\n","protected":false},"excerpt":{"rendered":"<p>O Centro de Sa\u00fade de Seia (UCSP e UCC) em parceria com o Munic\u00edpio de Seia, est\u00e3o presentes nas Festas do Concelho de Seia, que decorrem de 11 a 15 de Agosto, para divulga\u00e7\u00e3o e implementa\u00e7\u00e3o do Projeto \u201cN\u00e3o \u00e0 Diabetes\u201d aplicando o question\u00e1rio da avalia\u00e7\u00e3o de risco aos utentes do Centro de Sa\u00fade. A [&hellip;]<\/p>\n","protected":false},"author":46,"featured_media":6614,"comment_status":"open","ping_status":"open","sticky":false,"template":"","format":"standard","meta":{"footnotes":""},"categories":[8],"tags":[],"class_list":["post-6613","post","type-post","status-publish","format-standard","has-post-thumbnail","hentry","category-noticias"],"_links":{"self":[{"href":"https:\/\/portaisuls-qua.azurewebsites.net\/ulsg\/wp-json\/wp\/v2\/posts\/6613","targetHints":{"allow":["GET"]}}],"collection":[{"href":"https:\/\/portaisuls-qua.azurewebsites.net\/ulsg\/wp-json\/wp\/v2\/posts"}],"about":[{"href":"https:\/\/portaisuls-qua.azurewebsites.net\/ulsg\/wp-json\/wp\/v2\/types\/post"}],"author":[{"embeddable":true,"href":"https:\/\/portaisuls-qua.azurewebsites.net\/ulsg\/wp-json\/wp\/v2\/users\/46"}],"replies":[{"embeddable":true,"href":"https:\/\/portaisuls-qua.azurewebsites.net\/ulsg\/wp-json\/wp\/v2\/comments?post=6613"}],"version-history":[{"count":1,"href":"https:\/\/portaisuls-qua.azurewebsites.net\/ulsg\/wp-json\/wp\/v2\/posts\/6613\/revisions"}],"predecessor-version":[{"id":6615,"href":"https:\/\/portaisuls-qua.azurewebsites.net\/ulsg\/wp-json\/wp\/v2\/posts\/6613\/revisions\/6615"}],"wp:featuredmedia":[{"embeddable":true,"href":"https:\/\/portaisuls-qua.azurewebsites.net\/ulsg\/wp-json\/wp\/v2\/media\/6614"}],"wp:attachment":[{"href":"https:\/\/portaisuls-qua.azurewebsites.net\/ulsg\/wp-json\/wp\/v2\/media?parent=6613"}],"wp:term":[{"taxonomy":"category","embeddable":true,"href":"https:\/\/portaisuls-qua.azurewebsites.net\/ulsg\/wp-json\/wp\/v2\/categories?post=6613"},{"taxonomy":"post_tag","embeddable":true,"href":"https:\/\/portaisuls-qua.azurewebsites.net\/ulsg\/wp-json\/wp\/v2\/tags?post=6613"}],"curies":[{"name":"wp","href":"https:\/\/api.w.org\/{rel}","templated":true}]}}