{"id":6621,"date":"2017-08-22T14:31:59","date_gmt":"2017-08-22T14:31:59","guid":{"rendered":"http:\/\/www.ulsguarda.min-saude.pt\/?p=6621"},"modified":"2019-10-11T14:53:30","modified_gmt":"2019-10-11T13:53:30","slug":"recolha-de-sangue-na-uls-da-guarda","status":"publish","type":"post","link":"https:\/\/portaisuls-qua.azurewebsites.net\/ulsg\/noticias\/recolha-de-sangue-na-uls-da-guarda\/","title":{"rendered":"Recolha de sangue na ULS da Guarda"},"content":{"rendered":"<p>Teve ontem lugar a recolha mensal de sangue na ULS da Guarda. Registou-se uma excelente aflu\u00eancia, consolidando a boa imagem da brigada mensal de dadores volunt\u00e1rios da Guarda. Foram feitas setenta colheitas em setenta e oito inscri\u00e7\u00f5es. A equipa t\u00e9cnica de colheitas veio de Coimbra, constitu\u00edda por dois m\u00e9dicos, dois enfermeiros e dois administrativos. A sess\u00e3o decorreu num ambiente descontra\u00eddo, como vem sendo h\u00e1bito, entre as 15H00 e as 19H00. Recordamos que a ULS da Guarda disponibiliza agora estacionamento gratuito no parque subterr\u00e2neo aos dadores de sangue que participam nas colheitas mensais.<\/p>\n","protected":false},"excerpt":{"rendered":"<p>Teve ontem lugar a recolha mensal de sangue na ULS da Guarda. Registou-se uma excelente aflu\u00eancia, consolidando a boa imagem da brigada mensal de dadores volunt\u00e1rios da Guarda. Foram feitas setenta colheitas em setenta e oito inscri\u00e7\u00f5es. A equipa t\u00e9cnica de colheitas veio de Coimbra, constitu\u00edda por dois m\u00e9dicos, dois enfermeiros e dois administrativos. A [&hellip;]<\/p>\n","protected":false},"author":45,"featured_media":6626,"comment_status":"open","ping_status":"open","sticky":false,"template":"","format":"standard","meta":{"footnotes":""},"categories":[8],"tags":[],"class_list":["post-6621","post","type-post","status-publish","format-standard","has-post-thumbnail","hentry","category-noticias"],"_links":{"self":[{"href":"https:\/\/portaisuls-qua.azurewebsites.net\/ulsg\/wp-json\/wp\/v2\/posts\/6621","targetHints":{"allow":["GET"]}}],"collection":[{"href":"https:\/\/portaisuls-qua.azurewebsites.net\/ulsg\/wp-json\/wp\/v2\/posts"}],"about":[{"href":"https:\/\/portaisuls-qua.azurewebsites.net\/ulsg\/wp-json\/wp\/v2\/types\/post"}],"author":[{"embeddable":true,"href":"https:\/\/portaisuls-qua.azurewebsites.net\/ulsg\/wp-json\/wp\/v2\/users\/45"}],"replies":[{"embeddable":true,"href":"https:\/\/portaisuls-qua.azurewebsites.net\/ulsg\/wp-json\/wp\/v2\/comments?post=6621"}],"version-history":[{"count":3,"href":"https:\/\/portaisuls-qua.azurewebsites.net\/ulsg\/wp-json\/wp\/v2\/posts\/6621\/revisions"}],"predecessor-version":[{"id":9480,"href":"https:\/\/portaisuls-qua.azurewebsites.net\/ulsg\/wp-json\/wp\/v2\/posts\/6621\/revisions\/9480"}],"wp:featuredmedia":[{"embeddable":true,"href":"https:\/\/portaisuls-qua.azurewebsites.net\/ulsg\/wp-json\/wp\/v2\/media\/6626"}],"wp:attachment":[{"href":"https:\/\/portaisuls-qua.azurewebsites.net\/ulsg\/wp-json\/wp\/v2\/media?parent=6621"}],"wp:term":[{"taxonomy":"category","embeddable":true,"href":"https:\/\/portaisuls-qua.azurewebsites.net\/ulsg\/wp-json\/wp\/v2\/categories?post=6621"},{"taxonomy":"post_tag","embeddable":true,"href":"https:\/\/portaisuls-qua.azurewebsites.net\/ulsg\/wp-json\/wp\/v2\/tags?post=6621"}],"curies":[{"name":"wp","href":"https:\/\/api.w.org\/{rel}","templated":true}]}}