{"id":6646,"date":"2017-09-06T11:38:38","date_gmt":"2017-09-06T11:38:38","guid":{"rendered":"http:\/\/www.ulsguarda.min-saude.pt\/?p=6646"},"modified":"2017-09-06T11:38:47","modified_gmt":"2017-09-06T11:38:47","slug":"4o-congresso-medico-beira-interior","status":"publish","type":"post","link":"https:\/\/portaisuls-qua.azurewebsites.net\/ulsg\/noticias\/4o-congresso-medico-beira-interior\/","title":{"rendered":"4\u00ba Congresso M\u00e9dico Beira Interior"},"content":{"rendered":"<p>Realiza-se a 22 e 23 de Setembro no Teatro Municipal da Guarda, o 4\u00ba Congresso M\u00e9dico Beira Interior, evento organizado e promovido pela Dire\u00e7\u00e3o do Internato M\u00e9dico da ULS da Guarda, Centro Hospitalar Cova da Beira, ACeS Cova da Beira e ULS de Castelo Branco, com o objetivo de promover a atividade dos m\u00e9dicos e de outros profissionais de sa\u00fade, o seu envolvimento e a sua forma\u00e7\u00e3o em diferentes \u00e1reas hospitalares.<\/p>\n<p>Neste momento j\u00e1 h\u00e1 mais de duas centenas e meia de inscritos. A organiza\u00e7\u00e3o receber\u00e1, no entanto, inscri\u00e7\u00f5es at\u00e9 ao limite da capacidade do Audit\u00f3rio do Teatro Municipal da Guarda.<\/p>\n<p>Ser\u00e3o abordados temas com relevo atual, distribu\u00eddos pelas diferentes especialidades, m\u00e9dicas e cir\u00fargicas, criando terreno para aceso debate e controv\u00e9rsia, na procura do saber.<\/p>\n<p>Este congresso proporcionar\u00e1 igualmente a oportunidade de frequentar v\u00e1rios cursos de interesse cient\u00edfico e cl\u00ednico pr\u00e9 e p\u00f3s Congresso que decorrer\u00e3o nos dias 20, 21, 23 e 24 de Setembro no Hospital Sousa Martins e na Escola Superior de Sa\u00fade da Guarda.<\/p>\n<p>&nbsp;<\/p>\n","protected":false},"excerpt":{"rendered":"<p>Realiza-se a 22 e 23 de Setembro no Teatro Municipal da Guarda, o 4\u00ba Congresso M\u00e9dico Beira Interior, evento organizado e promovido pela Dire\u00e7\u00e3o do Internato M\u00e9dico da ULS da Guarda, Centro Hospitalar Cova da Beira, ACeS Cova da Beira e ULS de Castelo Branco, com o objetivo de promover a atividade dos m\u00e9dicos e [&hellip;]<\/p>\n","protected":false},"author":46,"featured_media":6647,"comment_status":"open","ping_status":"open","sticky":false,"template":"","format":"standard","meta":{"footnotes":""},"categories":[8],"tags":[],"class_list":["post-6646","post","type-post","status-publish","format-standard","has-post-thumbnail","hentry","category-noticias"],"_links":{"self":[{"href":"https:\/\/portaisuls-qua.azurewebsites.net\/ulsg\/wp-json\/wp\/v2\/posts\/6646","targetHints":{"allow":["GET"]}}],"collection":[{"href":"https:\/\/portaisuls-qua.azurewebsites.net\/ulsg\/wp-json\/wp\/v2\/posts"}],"about":[{"href":"https:\/\/portaisuls-qua.azurewebsites.net\/ulsg\/wp-json\/wp\/v2\/types\/post"}],"author":[{"embeddable":true,"href":"https:\/\/portaisuls-qua.azurewebsites.net\/ulsg\/wp-json\/wp\/v2\/users\/46"}],"replies":[{"embeddable":true,"href":"https:\/\/portaisuls-qua.azurewebsites.net\/ulsg\/wp-json\/wp\/v2\/comments?post=6646"}],"version-history":[{"count":1,"href":"https:\/\/portaisuls-qua.azurewebsites.net\/ulsg\/wp-json\/wp\/v2\/posts\/6646\/revisions"}],"predecessor-version":[{"id":6648,"href":"https:\/\/portaisuls-qua.azurewebsites.net\/ulsg\/wp-json\/wp\/v2\/posts\/6646\/revisions\/6648"}],"wp:featuredmedia":[{"embeddable":true,"href":"https:\/\/portaisuls-qua.azurewebsites.net\/ulsg\/wp-json\/wp\/v2\/media\/6647"}],"wp:attachment":[{"href":"https:\/\/portaisuls-qua.azurewebsites.net\/ulsg\/wp-json\/wp\/v2\/media?parent=6646"}],"wp:term":[{"taxonomy":"category","embeddable":true,"href":"https:\/\/portaisuls-qua.azurewebsites.net\/ulsg\/wp-json\/wp\/v2\/categories?post=6646"},{"taxonomy":"post_tag","embeddable":true,"href":"https:\/\/portaisuls-qua.azurewebsites.net\/ulsg\/wp-json\/wp\/v2\/tags?post=6646"}],"curies":[{"name":"wp","href":"https:\/\/api.w.org\/{rel}","templated":true}]}}