{"id":6659,"date":"2017-09-14T14:36:47","date_gmt":"2017-09-14T14:36:47","guid":{"rendered":"http:\/\/www.ulsguarda.min-saude.pt\/?p=6659"},"modified":"2017-09-14T16:34:10","modified_gmt":"2017-09-14T16:34:10","slug":"uls-da-guarda-apoia-formacao-dos-profissionais","status":"publish","type":"post","link":"https:\/\/portaisuls-qua.azurewebsites.net\/ulsg\/noticias\/uls-da-guarda-apoia-formacao-dos-profissionais\/","title":{"rendered":"ULS da Guarda apoia forma\u00e7\u00e3o dos profissionais"},"content":{"rendered":"<p>A Guarda espera receber cerca de quinhentos profissionais de sa\u00fade\u00a0de todo o pa\u00eds e da Europa, nos pr\u00f3ximos dois encontros\u00a0organizados\u00a0por profissionais da\u00a0<u>ULS da Guarda e com o apoio da institui\u00e7\u00e3o.<\/u><\/p>\n<p>Nos dias 29 e 30 de Setembro, o Servi\u00e7o de Ortopedia e a VMER organizam encontros profissionais tem\u00e1ticos &#8211; as terceiras Jornadas Ib\u00e9ricas da Ortopedia e o terceiro Congresso da VMER Guarda. As duas iniciativas\u00a0foram apresentadas em confer\u00eancia de imprensa esta manh\u00e3, com a presen\u00e7a da Presidente do Conselho de Administra\u00e7\u00e3o da ULS da Guarda e de elementos da organiza\u00e7\u00e3o dos dois encontros. A Dr.\u00aa Isabel coelho enfatizou a import\u00e2ncia da forma\u00e7\u00e3o regular e inovadora dos profissionais de sa\u00fade na sua miss\u00e3o de assist\u00eancia humanit\u00e1ria \u00e0s popula\u00e7\u00f5es.<\/p>\n<p>Nas\u00a0<u>Jornadas Ib\u00e9ricas<\/u>\u00a0da Ortopedia, dia 30, o ombro \u00e9 o tema que re\u00fane na Guarda alguns dos melhores acad\u00e9micos e cirurgi\u00f5es de ortopedia, de Portugal, Espanha e Fran\u00e7a. Como referiu na confer\u00eancia de imprensa o Diretor do Servi\u00e7o de Ortopedia, Dr.\u00ba Lu\u00eds Camarinha, o objetivo \u00e9 trabalhar para que o Hospital da Guarda possa ser um Centro Especializado de refer\u00eancia nos problemas do ombro, da coluna e da anca.<\/p>\n<p>No 3\u00ba\u00a0<u>Congresso da VMER<\/u>, dias 29 e 30, al\u00e9m dos temas espec\u00edficos da emerg\u00eancia m\u00e9dica, destaque para duas iniciativas que prometem despertar a curiosidade da popula\u00e7\u00e3o. O MASS TRAINING \u00e9 uma forma\u00e7\u00e3o e treino de t\u00e9cnicas de suporte b\u00e1sico de vida, dia 30, no Parque Urbano do Rio Diz, a partir das 15h00. A outra iniciativa \u00e9 um SIMULACRO de cat\u00e1strofe, envolvendo diversas entidades de sa\u00fade e seguran\u00e7a. O simulacro \u00e9 dia 29, pelas 17h00, nas imedia\u00e7\u00f5es do Instituto Polit\u00e9cnico da Guarda.<\/p>\n","protected":false},"excerpt":{"rendered":"<p>A Guarda espera receber cerca de quinhentos profissionais de sa\u00fade\u00a0de todo o pa\u00eds e da Europa, nos pr\u00f3ximos dois encontros\u00a0organizados\u00a0por profissionais da\u00a0ULS da Guarda e com o apoio da institui\u00e7\u00e3o. Nos dias 29 e 30 de Setembro, o Servi\u00e7o de Ortopedia e a VMER organizam encontros profissionais tem\u00e1ticos &#8211; as terceiras Jornadas Ib\u00e9ricas da Ortopedia [&hellip;]<\/p>\n","protected":false},"author":46,"featured_media":6662,"comment_status":"open","ping_status":"open","sticky":false,"template":"","format":"standard","meta":{"footnotes":""},"categories":[8],"tags":[],"class_list":["post-6659","post","type-post","status-publish","format-standard","has-post-thumbnail","hentry","category-noticias"],"_links":{"self":[{"href":"https:\/\/portaisuls-qua.azurewebsites.net\/ulsg\/wp-json\/wp\/v2\/posts\/6659","targetHints":{"allow":["GET"]}}],"collection":[{"href":"https:\/\/portaisuls-qua.azurewebsites.net\/ulsg\/wp-json\/wp\/v2\/posts"}],"about":[{"href":"https:\/\/portaisuls-qua.azurewebsites.net\/ulsg\/wp-json\/wp\/v2\/types\/post"}],"author":[{"embeddable":true,"href":"https:\/\/portaisuls-qua.azurewebsites.net\/ulsg\/wp-json\/wp\/v2\/users\/46"}],"replies":[{"embeddable":true,"href":"https:\/\/portaisuls-qua.azurewebsites.net\/ulsg\/wp-json\/wp\/v2\/comments?post=6659"}],"version-history":[{"count":3,"href":"https:\/\/portaisuls-qua.azurewebsites.net\/ulsg\/wp-json\/wp\/v2\/posts\/6659\/revisions"}],"predecessor-version":[{"id":6673,"href":"https:\/\/portaisuls-qua.azurewebsites.net\/ulsg\/wp-json\/wp\/v2\/posts\/6659\/revisions\/6673"}],"wp:featuredmedia":[{"embeddable":true,"href":"https:\/\/portaisuls-qua.azurewebsites.net\/ulsg\/wp-json\/wp\/v2\/media\/6662"}],"wp:attachment":[{"href":"https:\/\/portaisuls-qua.azurewebsites.net\/ulsg\/wp-json\/wp\/v2\/media?parent=6659"}],"wp:term":[{"taxonomy":"category","embeddable":true,"href":"https:\/\/portaisuls-qua.azurewebsites.net\/ulsg\/wp-json\/wp\/v2\/categories?post=6659"},{"taxonomy":"post_tag","embeddable":true,"href":"https:\/\/portaisuls-qua.azurewebsites.net\/ulsg\/wp-json\/wp\/v2\/tags?post=6659"}],"curies":[{"name":"wp","href":"https:\/\/api.w.org\/{rel}","templated":true}]}}