{"id":6689,"date":"2017-09-20T09:44:14","date_gmt":"2017-09-20T09:44:14","guid":{"rendered":"http:\/\/www.ulsguarda.min-saude.pt\/?p=6689"},"modified":"2017-09-20T09:46:49","modified_gmt":"2017-09-20T09:46:49","slug":"enfermeiros-chefes-da-uls-da-guarda-elegem-representantes-para-a-comissao-executiva-da-direcao-de-enfermagem","status":"publish","type":"post","link":"https:\/\/portaisuls-qua.azurewebsites.net\/ulsg\/noticias\/enfermeiros-chefes-da-uls-da-guarda-elegem-representantes-para-a-comissao-executiva-da-direcao-de-enfermagem\/","title":{"rendered":"Enfermeiros-chefes da ULS da Guarda elegem representantes para a Comiss\u00e3o Executiva da Dire\u00e7\u00e3o de Enfermagem"},"content":{"rendered":"<p>Num ato eleitoral ocorrido\u00a0esta ter\u00e7a-feira\u00a0no audit\u00f3rio Dr. Lopo de Carvalho, os\u00a0enfermeiros-chefes da ULS da Guarda\u00a0elegeram\u00a0como seus representantes na Comiss\u00e3o Executiva Permanente da Dire\u00e7\u00e3o de Enfermagem os seguintes elementos: Enf. J\u00falio Salvador; Enf.\u00a0Jo\u00e3o Marques e Enf.\u00a0Julieta Borrego, dos cuidados de Sa\u00fade Hospitalares, e Enf. Ana Maria Gomes, dos Cuidados de Sa\u00fade Prim\u00e1rios. De acordo com a portaria 245\/2013, os enfermeiros-chefes agora eleitos pelos seus pares completam o processo de constitui\u00e7\u00e3o da Dire\u00e7\u00e3o de Enfermagem. Os agora eleitos juntam-se aos Enfermeiros-Adjuntos da Enfermeira-Diretora; Enf. Jos\u00e9 Fonseca, Enf. Bruno Macedo e Enf. C\u00e2ndida Tavares.<\/p>\n<p>A Dire\u00e7\u00e3o de Enfermagem \u00e9 o \u00f3rg\u00e3o de apoio t\u00e9cnico ao Enfermeiro-Diretor e tem como atribui\u00e7\u00f5es, entre outras, a participa\u00e7\u00e3o na defini\u00e7\u00e3o de pol\u00edticas relativas aos servi\u00e7os de enfermagem e \u00e0 carreira dos enfermeiros.<\/p>\n<p>&nbsp;<\/p>\n","protected":false},"excerpt":{"rendered":"<p>Num ato eleitoral ocorrido\u00a0esta ter\u00e7a-feira\u00a0no audit\u00f3rio Dr. Lopo de Carvalho, os\u00a0enfermeiros-chefes da ULS da Guarda\u00a0elegeram\u00a0como seus representantes na Comiss\u00e3o Executiva Permanente da Dire\u00e7\u00e3o de Enfermagem os seguintes elementos: Enf. J\u00falio Salvador; Enf.\u00a0Jo\u00e3o Marques e Enf.\u00a0Julieta Borrego, dos cuidados de Sa\u00fade Hospitalares, e Enf. Ana Maria Gomes, dos Cuidados de Sa\u00fade Prim\u00e1rios. De acordo com a [&hellip;]<\/p>\n","protected":false},"author":46,"featured_media":6690,"comment_status":"open","ping_status":"open","sticky":false,"template":"","format":"standard","meta":{"footnotes":""},"categories":[8],"tags":[],"class_list":["post-6689","post","type-post","status-publish","format-standard","has-post-thumbnail","hentry","category-noticias"],"_links":{"self":[{"href":"https:\/\/portaisuls-qua.azurewebsites.net\/ulsg\/wp-json\/wp\/v2\/posts\/6689","targetHints":{"allow":["GET"]}}],"collection":[{"href":"https:\/\/portaisuls-qua.azurewebsites.net\/ulsg\/wp-json\/wp\/v2\/posts"}],"about":[{"href":"https:\/\/portaisuls-qua.azurewebsites.net\/ulsg\/wp-json\/wp\/v2\/types\/post"}],"author":[{"embeddable":true,"href":"https:\/\/portaisuls-qua.azurewebsites.net\/ulsg\/wp-json\/wp\/v2\/users\/46"}],"replies":[{"embeddable":true,"href":"https:\/\/portaisuls-qua.azurewebsites.net\/ulsg\/wp-json\/wp\/v2\/comments?post=6689"}],"version-history":[{"count":1,"href":"https:\/\/portaisuls-qua.azurewebsites.net\/ulsg\/wp-json\/wp\/v2\/posts\/6689\/revisions"}],"predecessor-version":[{"id":6691,"href":"https:\/\/portaisuls-qua.azurewebsites.net\/ulsg\/wp-json\/wp\/v2\/posts\/6689\/revisions\/6691"}],"wp:featuredmedia":[{"embeddable":true,"href":"https:\/\/portaisuls-qua.azurewebsites.net\/ulsg\/wp-json\/wp\/v2\/media\/6690"}],"wp:attachment":[{"href":"https:\/\/portaisuls-qua.azurewebsites.net\/ulsg\/wp-json\/wp\/v2\/media?parent=6689"}],"wp:term":[{"taxonomy":"category","embeddable":true,"href":"https:\/\/portaisuls-qua.azurewebsites.net\/ulsg\/wp-json\/wp\/v2\/categories?post=6689"},{"taxonomy":"post_tag","embeddable":true,"href":"https:\/\/portaisuls-qua.azurewebsites.net\/ulsg\/wp-json\/wp\/v2\/tags?post=6689"}],"curies":[{"name":"wp","href":"https:\/\/api.w.org\/{rel}","templated":true}]}}