{"id":6692,"date":"2017-09-20T10:12:14","date_gmt":"2017-09-20T10:12:14","guid":{"rendered":"http:\/\/www.ulsguarda.min-saude.pt\/?p=6692"},"modified":"2017-09-20T10:12:33","modified_gmt":"2017-09-20T10:12:33","slug":"o-bambino-esta-na-guarda-projeto-de-saude-perinatal-em-migrantes","status":"publish","type":"post","link":"https:\/\/portaisuls-qua.azurewebsites.net\/ulsg\/noticias\/o-bambino-esta-na-guarda-projeto-de-saude-perinatal-em-migrantes\/","title":{"rendered":"O Bambino est\u00e1 na Guarda &#8211; Projeto de Sa\u00fade Perinatal em Migrantes"},"content":{"rendered":"<p>A maternidade da\u00a0ULS da Guarda \u00e9 uma das unidades no pa\u00eds a trabalhar no projeto Bambino.\u00a0Trata-se de um projeto do Instituto de Sa\u00fade P\u00fablica da Universidade do Porto, com o apoio t\u00e9cnico do Alto-Comissariado das Migra\u00e7\u00f5es, que procura compreender como os servi\u00e7os de sa\u00fade portugueses s\u00e3o utilizados pela popula\u00e7\u00e3o migrante, durante a gravidez, o parto e ap\u00f3s o parto, em compara\u00e7\u00e3o com mulheres que nasceram em Portugal.<\/p>\n<p>Reconhecendo que o per\u00edodo de gravidez e nascimento influencia e molda o futuro da sa\u00fade da m\u00e3e e da crian\u00e7a, \u00e9 um momento particularmente importante para investigar os determinantes de resultados adversos, podendo esta informa\u00e7\u00e3o servir de base para pol\u00edticas de sa\u00fade futuras.<\/p>\n<p>Na Guarda\u00a0a maternidade da ULS\u00a0est\u00e1 a participar no projeto Bambino desde Junho, recrutando para o estudo, todas as pu\u00e9rperas que tenham nascido fora de Portugal e igual n\u00famero de pu\u00e9rperas que nasceram em Portugal.<\/p>\n<p>Uma das investigadoras do ISPUP, Sofia Castro Lopes, esteve na\u00a0Guarda numa reuni\u00e3o de trabalho\u00a0com a equipa do Bambino na ULS, para fazer um balan\u00e7o do trabalho desenvolvido at\u00e9 aqui pela nossa maternidade.<\/p>\n<p>O projeto Bambino conta com cerca de um milhar de inqu\u00e9ritos j\u00e1 realizados, de Norte a Sul do pa\u00eds, em\u00a0parceria com os\u00a0Servi\u00e7os de Obstetr\u00edcia dos Hospitais\/Centros Hospitalares p\u00fablicos de Portugal Continental.<\/p>\n<p>Para mais informa\u00e7\u00f5es pode visitar o website do projeto em: <a href=\"http:\/\/www.bambino.ispup.pt\/\">www.bambino.ispup.pt<\/a>.<\/p>\n<p>&nbsp;<\/p>\n","protected":false},"excerpt":{"rendered":"<p>A maternidade da\u00a0ULS da Guarda \u00e9 uma das unidades no pa\u00eds a trabalhar no projeto Bambino.\u00a0Trata-se de um projeto do Instituto de Sa\u00fade P\u00fablica da Universidade do Porto, com o apoio t\u00e9cnico do Alto-Comissariado das Migra\u00e7\u00f5es, que procura compreender como os servi\u00e7os de sa\u00fade portugueses s\u00e3o utilizados pela popula\u00e7\u00e3o migrante, durante a gravidez, o parto [&hellip;]<\/p>\n","protected":false},"author":46,"featured_media":6693,"comment_status":"open","ping_status":"open","sticky":false,"template":"","format":"standard","meta":{"footnotes":""},"categories":[8],"tags":[],"class_list":["post-6692","post","type-post","status-publish","format-standard","has-post-thumbnail","hentry","category-noticias"],"_links":{"self":[{"href":"https:\/\/portaisuls-qua.azurewebsites.net\/ulsg\/wp-json\/wp\/v2\/posts\/6692","targetHints":{"allow":["GET"]}}],"collection":[{"href":"https:\/\/portaisuls-qua.azurewebsites.net\/ulsg\/wp-json\/wp\/v2\/posts"}],"about":[{"href":"https:\/\/portaisuls-qua.azurewebsites.net\/ulsg\/wp-json\/wp\/v2\/types\/post"}],"author":[{"embeddable":true,"href":"https:\/\/portaisuls-qua.azurewebsites.net\/ulsg\/wp-json\/wp\/v2\/users\/46"}],"replies":[{"embeddable":true,"href":"https:\/\/portaisuls-qua.azurewebsites.net\/ulsg\/wp-json\/wp\/v2\/comments?post=6692"}],"version-history":[{"count":1,"href":"https:\/\/portaisuls-qua.azurewebsites.net\/ulsg\/wp-json\/wp\/v2\/posts\/6692\/revisions"}],"predecessor-version":[{"id":6694,"href":"https:\/\/portaisuls-qua.azurewebsites.net\/ulsg\/wp-json\/wp\/v2\/posts\/6692\/revisions\/6694"}],"wp:featuredmedia":[{"embeddable":true,"href":"https:\/\/portaisuls-qua.azurewebsites.net\/ulsg\/wp-json\/wp\/v2\/media\/6693"}],"wp:attachment":[{"href":"https:\/\/portaisuls-qua.azurewebsites.net\/ulsg\/wp-json\/wp\/v2\/media?parent=6692"}],"wp:term":[{"taxonomy":"category","embeddable":true,"href":"https:\/\/portaisuls-qua.azurewebsites.net\/ulsg\/wp-json\/wp\/v2\/categories?post=6692"},{"taxonomy":"post_tag","embeddable":true,"href":"https:\/\/portaisuls-qua.azurewebsites.net\/ulsg\/wp-json\/wp\/v2\/tags?post=6692"}],"curies":[{"name":"wp","href":"https:\/\/api.w.org\/{rel}","templated":true}]}}