{"id":6726,"date":"2017-10-04T10:24:55","date_gmt":"2017-10-04T10:24:55","guid":{"rendered":"http:\/\/www.ulsguarda.min-saude.pt\/?p=6726"},"modified":"2017-10-04T14:37:25","modified_gmt":"2017-10-04T14:37:25","slug":"9-o-aniversario-da-ulsg","status":"publish","type":"post","link":"https:\/\/portaisuls-qua.azurewebsites.net\/ulsg\/noticias\/9-o-aniversario-da-ulsg\/","title":{"rendered":"9.\u00ba Anivers\u00e1rio da ULSG"},"content":{"rendered":"<p>A ULS da Guarda assinalou o 9.\u00ba Anivers\u00e1rio da institui\u00e7\u00e3o com a inaugura\u00e7\u00e3o do Hospital de Dia de Medicina do HSM, a apresenta\u00e7\u00e3o da Equipa Comunit\u00e1ria de Suporte em Cuidados Paliativos, a requalifica\u00e7\u00e3o da Unidade da Dor e a entrega de uma lembran\u00e7a simb\u00f3lica aos funcion\u00e1rios que completam este ano 25 anos de servi\u00e7o.<br \/>\nMomentos que contaram com a presen\u00e7a do Presidente da ARS Centro, Dr. Jos\u00e9 Tereso e de um vasto n\u00famero de convidados e funcion\u00e1rios da institui\u00e7\u00e3o.<\/p>\n","protected":false},"excerpt":{"rendered":"<p>A ULS da Guarda assinalou o 9.\u00ba Anivers\u00e1rio da institui\u00e7\u00e3o com a inaugura\u00e7\u00e3o do Hospital de Dia de Medicina do HSM, a apresenta\u00e7\u00e3o da Equipa Comunit\u00e1ria de Suporte em Cuidados Paliativos, a requalifica\u00e7\u00e3o da Unidade da Dor e a entrega de uma lembran\u00e7a simb\u00f3lica aos funcion\u00e1rios que completam este ano 25 anos de servi\u00e7o. Momentos [&hellip;]<\/p>\n","protected":false},"author":46,"featured_media":6727,"comment_status":"open","ping_status":"open","sticky":false,"template":"","format":"standard","meta":{"footnotes":""},"categories":[8],"tags":[],"class_list":["post-6726","post","type-post","status-publish","format-standard","has-post-thumbnail","hentry","category-noticias"],"_links":{"self":[{"href":"https:\/\/portaisuls-qua.azurewebsites.net\/ulsg\/wp-json\/wp\/v2\/posts\/6726","targetHints":{"allow":["GET"]}}],"collection":[{"href":"https:\/\/portaisuls-qua.azurewebsites.net\/ulsg\/wp-json\/wp\/v2\/posts"}],"about":[{"href":"https:\/\/portaisuls-qua.azurewebsites.net\/ulsg\/wp-json\/wp\/v2\/types\/post"}],"author":[{"embeddable":true,"href":"https:\/\/portaisuls-qua.azurewebsites.net\/ulsg\/wp-json\/wp\/v2\/users\/46"}],"replies":[{"embeddable":true,"href":"https:\/\/portaisuls-qua.azurewebsites.net\/ulsg\/wp-json\/wp\/v2\/comments?post=6726"}],"version-history":[{"count":1,"href":"https:\/\/portaisuls-qua.azurewebsites.net\/ulsg\/wp-json\/wp\/v2\/posts\/6726\/revisions"}],"predecessor-version":[{"id":6728,"href":"https:\/\/portaisuls-qua.azurewebsites.net\/ulsg\/wp-json\/wp\/v2\/posts\/6726\/revisions\/6728"}],"wp:featuredmedia":[{"embeddable":true,"href":"https:\/\/portaisuls-qua.azurewebsites.net\/ulsg\/wp-json\/wp\/v2\/media\/6727"}],"wp:attachment":[{"href":"https:\/\/portaisuls-qua.azurewebsites.net\/ulsg\/wp-json\/wp\/v2\/media?parent=6726"}],"wp:term":[{"taxonomy":"category","embeddable":true,"href":"https:\/\/portaisuls-qua.azurewebsites.net\/ulsg\/wp-json\/wp\/v2\/categories?post=6726"},{"taxonomy":"post_tag","embeddable":true,"href":"https:\/\/portaisuls-qua.azurewebsites.net\/ulsg\/wp-json\/wp\/v2\/tags?post=6726"}],"curies":[{"name":"wp","href":"https:\/\/api.w.org\/{rel}","templated":true}]}}