{"id":6729,"date":"2017-10-04T14:55:27","date_gmt":"2017-10-04T14:55:27","guid":{"rendered":"http:\/\/www.ulsguarda.min-saude.pt\/?p=6729"},"modified":"2017-10-04T14:55:27","modified_gmt":"2017-10-04T14:55:27","slug":"funcionarios-com-25-anos-de-servico-receberam-lembranca","status":"publish","type":"post","link":"https:\/\/portaisuls-qua.azurewebsites.net\/ulsg\/noticias\/funcionarios-com-25-anos-de-servico-receberam-lembranca\/","title":{"rendered":"Funcion\u00e1rios com 25 anos de servi\u00e7o receberam lembran\u00e7a"},"content":{"rendered":"<p>No \u00e2mbito das comemora\u00e7\u00f5es do 9. anivers\u00e1rio da ULS da Guarda, o Conselho de Administra\u00e7\u00e3o entregou lembran\u00e7as simb\u00f3licas aos funcion\u00e1rios que completam este ano, 25 de servi\u00e7o. Um\u00a0momento presidido pelo dr. Jos\u00e9 Tereso, presidente da ARS Centro.<\/p>\n","protected":false},"excerpt":{"rendered":"<p>No \u00e2mbito das comemora\u00e7\u00f5es do 9. anivers\u00e1rio da ULS da Guarda, o Conselho de Administra\u00e7\u00e3o entregou lembran\u00e7as simb\u00f3licas aos funcion\u00e1rios que completam este ano, 25 de servi\u00e7o. Um\u00a0momento presidido pelo dr. Jos\u00e9 Tereso, presidente da ARS Centro.<\/p>\n","protected":false},"author":46,"featured_media":6730,"comment_status":"open","ping_status":"open","sticky":false,"template":"","format":"standard","meta":{"footnotes":""},"categories":[8],"tags":[],"class_list":["post-6729","post","type-post","status-publish","format-standard","has-post-thumbnail","hentry","category-noticias"],"_links":{"self":[{"href":"https:\/\/portaisuls-qua.azurewebsites.net\/ulsg\/wp-json\/wp\/v2\/posts\/6729","targetHints":{"allow":["GET"]}}],"collection":[{"href":"https:\/\/portaisuls-qua.azurewebsites.net\/ulsg\/wp-json\/wp\/v2\/posts"}],"about":[{"href":"https:\/\/portaisuls-qua.azurewebsites.net\/ulsg\/wp-json\/wp\/v2\/types\/post"}],"author":[{"embeddable":true,"href":"https:\/\/portaisuls-qua.azurewebsites.net\/ulsg\/wp-json\/wp\/v2\/users\/46"}],"replies":[{"embeddable":true,"href":"https:\/\/portaisuls-qua.azurewebsites.net\/ulsg\/wp-json\/wp\/v2\/comments?post=6729"}],"version-history":[{"count":1,"href":"https:\/\/portaisuls-qua.azurewebsites.net\/ulsg\/wp-json\/wp\/v2\/posts\/6729\/revisions"}],"predecessor-version":[{"id":6731,"href":"https:\/\/portaisuls-qua.azurewebsites.net\/ulsg\/wp-json\/wp\/v2\/posts\/6729\/revisions\/6731"}],"wp:featuredmedia":[{"embeddable":true,"href":"https:\/\/portaisuls-qua.azurewebsites.net\/ulsg\/wp-json\/wp\/v2\/media\/6730"}],"wp:attachment":[{"href":"https:\/\/portaisuls-qua.azurewebsites.net\/ulsg\/wp-json\/wp\/v2\/media?parent=6729"}],"wp:term":[{"taxonomy":"category","embeddable":true,"href":"https:\/\/portaisuls-qua.azurewebsites.net\/ulsg\/wp-json\/wp\/v2\/categories?post=6729"},{"taxonomy":"post_tag","embeddable":true,"href":"https:\/\/portaisuls-qua.azurewebsites.net\/ulsg\/wp-json\/wp\/v2\/tags?post=6729"}],"curies":[{"name":"wp","href":"https:\/\/api.w.org\/{rel}","templated":true}]}}