{"id":6778,"date":"2017-10-13T11:27:54","date_gmt":"2017-10-13T11:27:54","guid":{"rendered":"http:\/\/www.ulsguarda.min-saude.pt\/?p=6778"},"modified":"2017-10-13T11:28:01","modified_gmt":"2017-10-13T11:28:01","slug":"saude-mental-em-destaque-na-ulsg","status":"publish","type":"post","link":"https:\/\/portaisuls-qua.azurewebsites.net\/ulsg\/noticias\/saude-mental-em-destaque-na-ulsg\/","title":{"rendered":"Sa\u00fade Mental em destaque na ULSG"},"content":{"rendered":"<p><span class=\" _50f4\">Casa cheia na Sess\u00e3o Informativa aberta \u00e0 comunidade sobre o papel da familia no cuidar em sa\u00fade mental. Uma iniciativa inserida na semana aberta da Casa de Sa\u00fade Bento Menni organizada pela Casa de Sa\u00fade em parceria com o Departamento de Psiquiatria e Sa\u00fade Mental da ULS da Guarda.\u00a0Esta quinta-feira<\/span>\u00a0houve tamb\u00e9m no HSM atelier de pintura, sess\u00e3o de relaxamento, sess\u00e3o e yoga, terapia do riso e atividade criativa em desenho.<\/p>\n","protected":false},"excerpt":{"rendered":"<p>Casa cheia na Sess\u00e3o Informativa aberta \u00e0 comunidade sobre o papel da familia no cuidar em sa\u00fade mental. Uma iniciativa inserida na semana aberta da Casa de Sa\u00fade Bento Menni organizada pela Casa de Sa\u00fade em parceria com o Departamento de Psiquiatria e Sa\u00fade Mental da ULS da Guarda.\u00a0Esta quinta-feira\u00a0houve tamb\u00e9m no HSM atelier de [&hellip;]<\/p>\n","protected":false},"author":46,"featured_media":6779,"comment_status":"open","ping_status":"open","sticky":false,"template":"","format":"standard","meta":{"footnotes":""},"categories":[8],"tags":[],"class_list":["post-6778","post","type-post","status-publish","format-standard","has-post-thumbnail","hentry","category-noticias"],"_links":{"self":[{"href":"https:\/\/portaisuls-qua.azurewebsites.net\/ulsg\/wp-json\/wp\/v2\/posts\/6778","targetHints":{"allow":["GET"]}}],"collection":[{"href":"https:\/\/portaisuls-qua.azurewebsites.net\/ulsg\/wp-json\/wp\/v2\/posts"}],"about":[{"href":"https:\/\/portaisuls-qua.azurewebsites.net\/ulsg\/wp-json\/wp\/v2\/types\/post"}],"author":[{"embeddable":true,"href":"https:\/\/portaisuls-qua.azurewebsites.net\/ulsg\/wp-json\/wp\/v2\/users\/46"}],"replies":[{"embeddable":true,"href":"https:\/\/portaisuls-qua.azurewebsites.net\/ulsg\/wp-json\/wp\/v2\/comments?post=6778"}],"version-history":[{"count":1,"href":"https:\/\/portaisuls-qua.azurewebsites.net\/ulsg\/wp-json\/wp\/v2\/posts\/6778\/revisions"}],"predecessor-version":[{"id":6780,"href":"https:\/\/portaisuls-qua.azurewebsites.net\/ulsg\/wp-json\/wp\/v2\/posts\/6778\/revisions\/6780"}],"wp:featuredmedia":[{"embeddable":true,"href":"https:\/\/portaisuls-qua.azurewebsites.net\/ulsg\/wp-json\/wp\/v2\/media\/6779"}],"wp:attachment":[{"href":"https:\/\/portaisuls-qua.azurewebsites.net\/ulsg\/wp-json\/wp\/v2\/media?parent=6778"}],"wp:term":[{"taxonomy":"category","embeddable":true,"href":"https:\/\/portaisuls-qua.azurewebsites.net\/ulsg\/wp-json\/wp\/v2\/categories?post=6778"},{"taxonomy":"post_tag","embeddable":true,"href":"https:\/\/portaisuls-qua.azurewebsites.net\/ulsg\/wp-json\/wp\/v2\/tags?post=6778"}],"curies":[{"name":"wp","href":"https:\/\/api.w.org\/{rel}","templated":true}]}}