{"id":6791,"date":"2017-10-16T20:30:39","date_gmt":"2017-10-16T20:30:39","guid":{"rendered":"http:\/\/www.ulsguarda.min-saude.pt\/?p=6791"},"modified":"2017-10-16T20:43:28","modified_gmt":"2017-10-16T20:43:28","slug":"dia-mundial-da-alimentacao-na-uls-da-guarda","status":"publish","type":"post","link":"https:\/\/portaisuls-qua.azurewebsites.net\/ulsg\/noticias\/dia-mundial-da-alimentacao-na-uls-da-guarda\/","title":{"rendered":"Dia Mundial da Alimenta\u00e7\u00e3o na ULS da Guarda"},"content":{"rendered":"<p>O refeit\u00f3rio da ULS da Guarda recebeu esta segunda-feira, uma turma do 6\u00ba ano da Escola B\u00e1sica de Santa Clara. A comitiva veio fazer a prova do menu h5 sentidos: uma sopa de legumes, um hamb\u00farguer saud\u00e1vel acompanhado com batata doce assada e uma tarte de ma\u00e7a.<\/p>\n<p>O menu foi confeccionado pelo Chefe de Cozinha do refeit\u00f3rio da ULS que seguiu as indica\u00e7\u00f5es da equipa da Unidade de Alimenta\u00e7\u00e3o, Nutri\u00e7\u00e3o e Diet\u00e9tica da ULS da Guarda.<\/p>\n<p>No final, cada participante recebeu um Certificado de Participa\u00e7\u00e3o e alguma informa\u00e7\u00e3o pedag\u00f3gica alusiva ao Dia Mundial da Alimenta\u00e7\u00e3o.<\/p>\n","protected":false},"excerpt":{"rendered":"<p>O refeit\u00f3rio da ULS da Guarda recebeu esta segunda-feira, uma turma do 6\u00ba ano da Escola B\u00e1sica de Santa Clara. A comitiva veio fazer a prova do menu h5 sentidos: uma sopa de legumes, um hamb\u00farguer saud\u00e1vel acompanhado com batata doce assada e uma tarte de ma\u00e7a. O menu foi confeccionado pelo Chefe de Cozinha [&hellip;]<\/p>\n","protected":false},"author":46,"featured_media":6792,"comment_status":"open","ping_status":"open","sticky":false,"template":"","format":"standard","meta":{"footnotes":""},"categories":[8],"tags":[],"class_list":["post-6791","post","type-post","status-publish","format-standard","has-post-thumbnail","hentry","category-noticias"],"_links":{"self":[{"href":"https:\/\/portaisuls-qua.azurewebsites.net\/ulsg\/wp-json\/wp\/v2\/posts\/6791","targetHints":{"allow":["GET"]}}],"collection":[{"href":"https:\/\/portaisuls-qua.azurewebsites.net\/ulsg\/wp-json\/wp\/v2\/posts"}],"about":[{"href":"https:\/\/portaisuls-qua.azurewebsites.net\/ulsg\/wp-json\/wp\/v2\/types\/post"}],"author":[{"embeddable":true,"href":"https:\/\/portaisuls-qua.azurewebsites.net\/ulsg\/wp-json\/wp\/v2\/users\/46"}],"replies":[{"embeddable":true,"href":"https:\/\/portaisuls-qua.azurewebsites.net\/ulsg\/wp-json\/wp\/v2\/comments?post=6791"}],"version-history":[{"count":1,"href":"https:\/\/portaisuls-qua.azurewebsites.net\/ulsg\/wp-json\/wp\/v2\/posts\/6791\/revisions"}],"predecessor-version":[{"id":6793,"href":"https:\/\/portaisuls-qua.azurewebsites.net\/ulsg\/wp-json\/wp\/v2\/posts\/6791\/revisions\/6793"}],"wp:featuredmedia":[{"embeddable":true,"href":"https:\/\/portaisuls-qua.azurewebsites.net\/ulsg\/wp-json\/wp\/v2\/media\/6792"}],"wp:attachment":[{"href":"https:\/\/portaisuls-qua.azurewebsites.net\/ulsg\/wp-json\/wp\/v2\/media?parent=6791"}],"wp:term":[{"taxonomy":"category","embeddable":true,"href":"https:\/\/portaisuls-qua.azurewebsites.net\/ulsg\/wp-json\/wp\/v2\/categories?post=6791"},{"taxonomy":"post_tag","embeddable":true,"href":"https:\/\/portaisuls-qua.azurewebsites.net\/ulsg\/wp-json\/wp\/v2\/tags?post=6791"}],"curies":[{"name":"wp","href":"https:\/\/api.w.org\/{rel}","templated":true}]}}