{"id":6823,"date":"2017-10-19T09:47:36","date_gmt":"2017-10-19T09:47:36","guid":{"rendered":"http:\/\/www.ulsguarda.min-saude.pt\/?p=6823"},"modified":"2017-10-19T09:49:14","modified_gmt":"2017-10-19T09:49:14","slug":"dia-mundial-da-diabetes","status":"publish","type":"post","link":"https:\/\/portaisuls-qua.azurewebsites.net\/ulsg\/noticias\/dia-mundial-da-diabetes\/","title":{"rendered":"Dia Mundial da Diabetes"},"content":{"rendered":"<p><span style=\"line-height: 150%;font-family: 'Century Gothic','sans-serif';font-size: 10pt\"><span style=\"color: #000000\">A celebra\u00e7\u00e3o do Dia Mundial da Diabetes, tem como finalidade prim\u00e1ria chamar a aten\u00e7\u00e3o das entidades oficiais, dos profissionais de sa\u00fade, da comunica\u00e7\u00e3o social e da comunidade em geral para a problem\u00e1tica da Diabetes Mellitus.<\/span><\/span><\/p>\n<p><span style=\"line-height: 150%;font-family: 'Century Gothic','sans-serif';font-size: 10pt\"><span style=\"color: #000000\">No pr\u00f3ximo dia 14 de novembro de 2017, a ULS da Guarda atrav\u00e9s da Unidade Funcional da Diabetes e do Servi\u00e7o de Medicina, pretendem assinalar simbolicamente a data desafiando os restaurantes do distrito com a integra\u00e7\u00e3o no menu de um prato \u201csaud\u00e1vel\u201d. <\/span><\/span><\/p>\n<p><span style=\"line-height: 150%;font-family: 'Century Gothic','sans-serif';font-size: 10pt\"><span style=\"color: #000000\">Conhecendo a rela\u00e7\u00e3o entre as dietas hipercal\u00f3ricas, a obesidade e a Diabetes Mellitus, a interven\u00e7\u00e3o tem como objectivo apelar aos restaurantes para serem cada vez mais cuidadosos com os pratos que apresentam nos men\u00fas aos seus clientes.<\/span><\/span><\/p>\n<p><span style=\"line-height: 150%;font-family: 'Century Gothic','sans-serif';font-size: 10pt\"><span style=\"color: #000000\">O prato que criarem deve integrar a ementa do respectivo restaurante no dia 14 de novembro e se poss\u00edvel toda a semana.<\/span><\/span><\/p>\n<p><span style=\"line-height: 150%;font-family: 'Century Gothic','sans-serif';font-size: 10pt\"><span style=\"color: #000000\">Todos os restaurantes que aderirem devem inscrever-se para lhe ser atribu\u00eddo um distintivo que dever\u00e1 ficar exposto na entrada do restaurante nessa mesma data. <\/span><\/span><\/p>\n<p><span style=\"line-height: 150%;font-family: 'Century Gothic','sans-serif';font-size: 10pt\"><span style=\"color: #000000\">Inscri\u00e7\u00f5es: comunicacao@ulsguarda.min-saude.pt<\/span><\/span><\/p>\n<p>&nbsp;<\/p>\n","protected":false},"excerpt":{"rendered":"<p>A celebra\u00e7\u00e3o do Dia Mundial da Diabetes, tem como finalidade prim\u00e1ria chamar a aten\u00e7\u00e3o das entidades oficiais, dos profissionais de sa\u00fade, da comunica\u00e7\u00e3o social e da comunidade em geral para a problem\u00e1tica da Diabetes Mellitus. No pr\u00f3ximo dia 14 de novembro de 2017, a ULS da Guarda atrav\u00e9s da Unidade Funcional da Diabetes e do [&hellip;]<\/p>\n","protected":false},"author":46,"featured_media":6824,"comment_status":"open","ping_status":"open","sticky":false,"template":"","format":"standard","meta":{"footnotes":""},"categories":[8],"tags":[],"class_list":["post-6823","post","type-post","status-publish","format-standard","has-post-thumbnail","hentry","category-noticias"],"_links":{"self":[{"href":"https:\/\/portaisuls-qua.azurewebsites.net\/ulsg\/wp-json\/wp\/v2\/posts\/6823","targetHints":{"allow":["GET"]}}],"collection":[{"href":"https:\/\/portaisuls-qua.azurewebsites.net\/ulsg\/wp-json\/wp\/v2\/posts"}],"about":[{"href":"https:\/\/portaisuls-qua.azurewebsites.net\/ulsg\/wp-json\/wp\/v2\/types\/post"}],"author":[{"embeddable":true,"href":"https:\/\/portaisuls-qua.azurewebsites.net\/ulsg\/wp-json\/wp\/v2\/users\/46"}],"replies":[{"embeddable":true,"href":"https:\/\/portaisuls-qua.azurewebsites.net\/ulsg\/wp-json\/wp\/v2\/comments?post=6823"}],"version-history":[{"count":1,"href":"https:\/\/portaisuls-qua.azurewebsites.net\/ulsg\/wp-json\/wp\/v2\/posts\/6823\/revisions"}],"predecessor-version":[{"id":6825,"href":"https:\/\/portaisuls-qua.azurewebsites.net\/ulsg\/wp-json\/wp\/v2\/posts\/6823\/revisions\/6825"}],"wp:featuredmedia":[{"embeddable":true,"href":"https:\/\/portaisuls-qua.azurewebsites.net\/ulsg\/wp-json\/wp\/v2\/media\/6824"}],"wp:attachment":[{"href":"https:\/\/portaisuls-qua.azurewebsites.net\/ulsg\/wp-json\/wp\/v2\/media?parent=6823"}],"wp:term":[{"taxonomy":"category","embeddable":true,"href":"https:\/\/portaisuls-qua.azurewebsites.net\/ulsg\/wp-json\/wp\/v2\/categories?post=6823"},{"taxonomy":"post_tag","embeddable":true,"href":"https:\/\/portaisuls-qua.azurewebsites.net\/ulsg\/wp-json\/wp\/v2\/tags?post=6823"}],"curies":[{"name":"wp","href":"https:\/\/api.w.org\/{rel}","templated":true}]}}