{"id":6839,"date":"2017-11-03T11:25:19","date_gmt":"2017-11-03T11:25:19","guid":{"rendered":"http:\/\/www.ulsguarda.min-saude.pt\/?p=6839"},"modified":"2017-11-03T11:25:33","modified_gmt":"2017-11-03T11:25:33","slug":"30-anos-a-cuidar-departamento-de-psiquiatria-da-uls-da-guarda-assinala-aniversario","status":"publish","type":"post","link":"https:\/\/portaisuls-qua.azurewebsites.net\/ulsg\/noticias\/30-anos-a-cuidar-departamento-de-psiquiatria-da-uls-da-guarda-assinala-aniversario\/","title":{"rendered":"30 Anos a cuidar &#8211; Departamento de Psiquiatria da ULS da Guarda assinala anivers\u00e1rio"},"content":{"rendered":"<p>Pessoas que cuidam de pessoas. \u00c9 assim que continuam a definir-se\u00a0os profissionais de sa\u00fade do Departamento de Psiquiatria e Sa\u00fade Mental\u00a0da ULS da Guarda, 30 anos volvidos desde a cria\u00e7\u00e3o do ent\u00e3o Centro de Sa\u00fade Mental. Desde esses tempos muita coisa mudou no trabalho em psiquiatria,\u00a0no Distrito da Guarda e em Portugal. Esse balan\u00e7o foi o tema central das interven\u00e7\u00f5es do programa comemorativo, que decorreu na manh\u00e3 do dia 02 de novembro, no audit\u00f3rio Dr. Lopo de Carvalho, na ULS da Guarda.<\/p>\n<p>A interven\u00e7\u00e3o de fundo sobre o Departamento de Psiquiatria e Sa\u00fade Mental coube ao seu Diretor, o Dr.\u00a0Ant\u00f3nio Gomes, que deu conta do continuo\u00a0crescimento do servi\u00e7o, com mais profissionais de sa\u00fade,\u00a0mais utentes e uma\u00a0oferta mais diversificada, onde se inclui o apoio ao domic\u00edlio ou o Servi\u00e7o de Urg\u00eancia 24 horas por dia. A &#8220;casa come\u00e7a a ficar pequena&#8221;, reconheceu o Dr. Ant\u00f3nio Gomes, referindo-se ao edif\u00edcio do conhecido arquiteto\u00a0Raul Lino, que alberga a\u00a0psiquiatria desde as obras iniciais de requalifica\u00e7\u00e3o e\u00a0adapta\u00e7\u00e3o.<\/p>\n<p>A integra\u00e7\u00e3o da Sa\u00fade Mental nos Servi\u00e7os de Sa\u00fade Geral, ocorrida nos anos noventa do s\u00e9culo passado, marcou uma das grandes viragens em Portugal\u00a0no pensamento e na pr\u00e1tica cl\u00ednica relativamente ao doente mental. Do percurso hist\u00f3rico da psiquiatria falou o Professor Doutor Jos\u00e9 Morgado Pereira, escolhido como o orador convidado dos 30 anos do Departamento de Psiquiatria e Sa\u00fade Mental da ULS da Guarda. Morgado Pereira, do Centro Hospitalar e Universit\u00e1rio de Coimbra \u00e9 um reconhecido especialista em Hist\u00f3ria da Psiquiatria, tendo na sua interven\u00e7\u00e3o refor\u00e7ado a import\u00e2ncia do modelo comunit\u00e1rio, mais aberto e mais pr\u00f3ximo da sociedade, embora ainda longe de perfeito.<\/p>\n<p>Trinta anos a cuidar. Foi este o tema das comemora\u00e7\u00f5es do Departamento de Psiquiatria e Sa\u00fade Mental da ULS da Guarda. Um Departamento que, tal como uma fam\u00edlia, est\u00e1 em crescimento e mant\u00e9m vivos valores e princ\u00edpios em favor do outro. Essa, de resto, foi a primeira nota do discurso de abertura, a cargo da Dra. Isabel Coelho, a Presidente do Conselho de Administra\u00e7\u00e3o da ULS da Guarda. Estiveram presentes na sess\u00e3o os respons\u00e1veis dos Servi\u00e7os de Psiquiatria da ULS de Castelo Branco; Centro Hospitalar da Cova da Beira e Centro Hospitalar Tondela Viseu.<\/p>\n<p>&nbsp;<\/p>\n<p>&nbsp;<\/p>\n<p>&nbsp;<\/p>\n<p>&nbsp;<\/p>\n","protected":false},"excerpt":{"rendered":"<p>Pessoas que cuidam de pessoas. \u00c9 assim que continuam a definir-se\u00a0os profissionais de sa\u00fade do Departamento de Psiquiatria e Sa\u00fade Mental\u00a0da ULS da Guarda, 30 anos volvidos desde a cria\u00e7\u00e3o do ent\u00e3o Centro de Sa\u00fade Mental. Desde esses tempos muita coisa mudou no trabalho em psiquiatria,\u00a0no Distrito da Guarda e em Portugal. Esse balan\u00e7o foi [&hellip;]<\/p>\n","protected":false},"author":46,"featured_media":6840,"comment_status":"open","ping_status":"open","sticky":false,"template":"","format":"standard","meta":{"footnotes":""},"categories":[8],"tags":[],"class_list":["post-6839","post","type-post","status-publish","format-standard","has-post-thumbnail","hentry","category-noticias"],"_links":{"self":[{"href":"https:\/\/portaisuls-qua.azurewebsites.net\/ulsg\/wp-json\/wp\/v2\/posts\/6839","targetHints":{"allow":["GET"]}}],"collection":[{"href":"https:\/\/portaisuls-qua.azurewebsites.net\/ulsg\/wp-json\/wp\/v2\/posts"}],"about":[{"href":"https:\/\/portaisuls-qua.azurewebsites.net\/ulsg\/wp-json\/wp\/v2\/types\/post"}],"author":[{"embeddable":true,"href":"https:\/\/portaisuls-qua.azurewebsites.net\/ulsg\/wp-json\/wp\/v2\/users\/46"}],"replies":[{"embeddable":true,"href":"https:\/\/portaisuls-qua.azurewebsites.net\/ulsg\/wp-json\/wp\/v2\/comments?post=6839"}],"version-history":[{"count":1,"href":"https:\/\/portaisuls-qua.azurewebsites.net\/ulsg\/wp-json\/wp\/v2\/posts\/6839\/revisions"}],"predecessor-version":[{"id":6841,"href":"https:\/\/portaisuls-qua.azurewebsites.net\/ulsg\/wp-json\/wp\/v2\/posts\/6839\/revisions\/6841"}],"wp:featuredmedia":[{"embeddable":true,"href":"https:\/\/portaisuls-qua.azurewebsites.net\/ulsg\/wp-json\/wp\/v2\/media\/6840"}],"wp:attachment":[{"href":"https:\/\/portaisuls-qua.azurewebsites.net\/ulsg\/wp-json\/wp\/v2\/media?parent=6839"}],"wp:term":[{"taxonomy":"category","embeddable":true,"href":"https:\/\/portaisuls-qua.azurewebsites.net\/ulsg\/wp-json\/wp\/v2\/categories?post=6839"},{"taxonomy":"post_tag","embeddable":true,"href":"https:\/\/portaisuls-qua.azurewebsites.net\/ulsg\/wp-json\/wp\/v2\/tags?post=6839"}],"curies":[{"name":"wp","href":"https:\/\/api.w.org\/{rel}","templated":true}]}}