{"id":6848,"date":"2017-10-08T09:43:47","date_gmt":"2017-10-08T09:43:47","guid":{"rendered":"http:\/\/www.ulsguarda.min-saude.pt\/?p=6848"},"modified":"2017-11-08T09:54:42","modified_gmt":"2017-11-08T09:54:42","slug":"equipa-comunitaria-de-suporte-em-cuidados-paliativos-ja-esta-a-funcionar","status":"publish","type":"post","link":"https:\/\/portaisuls-qua.azurewebsites.net\/ulsg\/noticias\/equipa-comunitaria-de-suporte-em-cuidados-paliativos-ja-esta-a-funcionar\/","title":{"rendered":"Equipa Comunit\u00e1ria de Suporte em Cuidados Paliativos j\u00e1 est\u00e1 a funcionar"},"content":{"rendered":"<p>A Equipa Comunit\u00e1ria de Suporte em Cuidados Paliativos j\u00e1 est\u00e1 a funcionar. Esta equipa, que iniciou fun\u00e7\u00f5es no inicio do m\u00eas, era a val\u00eancia que faltava \u00e0 rede de Cuidados Paliativos da ULS da Guarda.<\/p>\n<p>A concretiza\u00e7\u00e3o deste projecto contou com o financiamento da Funda\u00e7\u00e3o EDP, tendo sido adquirido um diversificado conjunto de produtos de apoio \u00e0 interven\u00e7\u00e3o no domic\u00edlio do doente.<\/p>\n<p>Dentro do panorama nacional, a ULS da Guarda cedo procurou implementar este tipo de cuidados. A 1 de outubro de 2010, foi inaugurada a sua primeira val\u00eancia: a Unidade de Cuidados Paliativos, integrada no espa\u00e7o do Hospital Nossa Senhora da Assun\u00e7\u00e3o, em Seia, com capacidade para acolher 11 doentes em regime de internamento. Desde fevereiro de 2016 t\u00eam sido acrescentadas novas val\u00eancias: a Equipa Intra-hospitalar de Suporte em Cuidados Paliativos, a Consulta Externa de Cuidados Paliativos e, recentemente, a Equipa Comunit\u00e1ria de Suporte em Cuidados Paliativos.<\/p>\n<p>De acordo com a Lei de Bases dos Cuidados Paliativos e do Plano Estrat\u00e9gico para o desenvolvimento dos CP, pretende-se que a Rede de Cuidados Paliativos da ULS da Guarda seja \u201cfuncional, colaborativa, implementada em todos os n\u00edveis de cuidados de sa\u00fade, permitindo a equidade no acesso, a qualidade dos cuidados e a aten\u00e7\u00e3o \u00e0s prefer\u00eancias dos doentes\u201d.<\/p>\n<p>Tem como objetivos finais alcan\u00e7ar benef\u00edcios para os doentes e suas fam\u00edlias, diminuindo o peso da sintomatologia, a sobrecarga dos cuidadores, os tempos de internamento, os reinternamentos, o recurso a servi\u00e7os de urg\u00eancia, o internamento em cuidados intensivos e a futilidade terap\u00eautica. Procura realizar um servi\u00e7o de qualidade, coordenado, conciliando os desejos do doente e da fam\u00edlia, com um leque de respostas mais abrangente.<\/p>\n","protected":false},"excerpt":{"rendered":"<p>A Equipa Comunit\u00e1ria de Suporte em Cuidados Paliativos j\u00e1 est\u00e1 a funcionar. Esta equipa, que iniciou fun\u00e7\u00f5es no inicio do m\u00eas, era a val\u00eancia que faltava \u00e0 rede de Cuidados Paliativos da ULS da Guarda. A concretiza\u00e7\u00e3o deste projecto contou com o financiamento da Funda\u00e7\u00e3o EDP, tendo sido adquirido um diversificado conjunto de produtos de [&hellip;]<\/p>\n","protected":false},"author":46,"featured_media":6849,"comment_status":"open","ping_status":"open","sticky":false,"template":"","format":"standard","meta":{"footnotes":""},"categories":[8],"tags":[],"class_list":["post-6848","post","type-post","status-publish","format-standard","has-post-thumbnail","hentry","category-noticias"],"_links":{"self":[{"href":"https:\/\/portaisuls-qua.azurewebsites.net\/ulsg\/wp-json\/wp\/v2\/posts\/6848","targetHints":{"allow":["GET"]}}],"collection":[{"href":"https:\/\/portaisuls-qua.azurewebsites.net\/ulsg\/wp-json\/wp\/v2\/posts"}],"about":[{"href":"https:\/\/portaisuls-qua.azurewebsites.net\/ulsg\/wp-json\/wp\/v2\/types\/post"}],"author":[{"embeddable":true,"href":"https:\/\/portaisuls-qua.azurewebsites.net\/ulsg\/wp-json\/wp\/v2\/users\/46"}],"replies":[{"embeddable":true,"href":"https:\/\/portaisuls-qua.azurewebsites.net\/ulsg\/wp-json\/wp\/v2\/comments?post=6848"}],"version-history":[{"count":1,"href":"https:\/\/portaisuls-qua.azurewebsites.net\/ulsg\/wp-json\/wp\/v2\/posts\/6848\/revisions"}],"predecessor-version":[{"id":6850,"href":"https:\/\/portaisuls-qua.azurewebsites.net\/ulsg\/wp-json\/wp\/v2\/posts\/6848\/revisions\/6850"}],"wp:featuredmedia":[{"embeddable":true,"href":"https:\/\/portaisuls-qua.azurewebsites.net\/ulsg\/wp-json\/wp\/v2\/media\/6849"}],"wp:attachment":[{"href":"https:\/\/portaisuls-qua.azurewebsites.net\/ulsg\/wp-json\/wp\/v2\/media?parent=6848"}],"wp:term":[{"taxonomy":"category","embeddable":true,"href":"https:\/\/portaisuls-qua.azurewebsites.net\/ulsg\/wp-json\/wp\/v2\/categories?post=6848"},{"taxonomy":"post_tag","embeddable":true,"href":"https:\/\/portaisuls-qua.azurewebsites.net\/ulsg\/wp-json\/wp\/v2\/tags?post=6848"}],"curies":[{"name":"wp","href":"https:\/\/api.w.org\/{rel}","templated":true}]}}