{"id":6864,"date":"2017-11-13T21:09:34","date_gmt":"2017-11-13T21:09:34","guid":{"rendered":"http:\/\/www.ulsguarda.min-saude.pt\/?p=6864"},"modified":"2017-11-13T21:09:42","modified_gmt":"2017-11-13T21:09:42","slug":"projeto-global-care-da-uls-da-guarda-em-votacao-na-ordem-dos-enfermeiros","status":"publish","type":"post","link":"https:\/\/portaisuls-qua.azurewebsites.net\/ulsg\/noticias\/projeto-global-care-da-uls-da-guarda-em-votacao-na-ordem-dos-enfermeiros\/","title":{"rendered":"PROJETO GLOBAL CARE DA ULS DA GUARDA EM VOTA\u00c7\u00c3O NA ORDEM DOS ENFERMEIROS"},"content":{"rendered":"<p>No passado dia <strong>26 de outubro,<\/strong> decorreu na Sess\u00e3o Regional do Centro da Ordem dos Enfermeiros, a Apresenta\u00e7\u00e3o P\u00fablica dos Projetos para o Or\u00e7amento Participativo 2018 e que ir\u00e3o ser submetidos a sele\u00e7\u00e3o por parte dos membros desta sec\u00e7\u00e3o regional, durante todo o m\u00eas de novembro. A este respeito, importa referir que a ULS da Guarda se encontra representada com o Projeto \u201cProjeto Global Care\u201d(Projeto 2).<\/p>\n<p>A vota\u00e7\u00e3o decorrer\u00e1 durante todo o m\u00eas de novembro.<\/p>\n<p>Poder\u00e1 ainda aceder aos documentos, no seguinte link:<\/p>\n<p><a href=\"http:\/\/www.ordemenfermeiros.pt\/sites\/centro\/informacao\/Paginas\/Vota%C3%A7%C3%A3oOP.aspx\">http:\/\/www.ordemenfermeiros.pt\/sites\/centro\/informacao\/Paginas\/Vota%C3%A7%C3%A3oOP.aspx<\/a><\/p>\n<p>Terminada vota\u00e7\u00e3o, a Sess\u00e3o de Apresenta\u00e7\u00e3o P\u00fablica de Resultados do Or\u00e7amento Participativo 2018, decorrer\u00e1 no Audit\u00f3rio da Sec\u00e7\u00e3o Regional Centro, em Coimbra no pr\u00f3ximo dia 7 de dezembro, das 15:30h \u00e0s 16:30h.<\/p>\n","protected":false},"excerpt":{"rendered":"<p>No passado dia 26 de outubro, decorreu na Sess\u00e3o Regional do Centro da Ordem dos Enfermeiros, a Apresenta\u00e7\u00e3o P\u00fablica dos Projetos para o Or\u00e7amento Participativo 2018 e que ir\u00e3o ser submetidos a sele\u00e7\u00e3o por parte dos membros desta sec\u00e7\u00e3o regional, durante todo o m\u00eas de novembro. A este respeito, importa referir que a ULS da [&hellip;]<\/p>\n","protected":false},"author":46,"featured_media":6865,"comment_status":"open","ping_status":"open","sticky":false,"template":"","format":"standard","meta":{"footnotes":""},"categories":[8],"tags":[],"class_list":["post-6864","post","type-post","status-publish","format-standard","has-post-thumbnail","hentry","category-noticias"],"_links":{"self":[{"href":"https:\/\/portaisuls-qua.azurewebsites.net\/ulsg\/wp-json\/wp\/v2\/posts\/6864","targetHints":{"allow":["GET"]}}],"collection":[{"href":"https:\/\/portaisuls-qua.azurewebsites.net\/ulsg\/wp-json\/wp\/v2\/posts"}],"about":[{"href":"https:\/\/portaisuls-qua.azurewebsites.net\/ulsg\/wp-json\/wp\/v2\/types\/post"}],"author":[{"embeddable":true,"href":"https:\/\/portaisuls-qua.azurewebsites.net\/ulsg\/wp-json\/wp\/v2\/users\/46"}],"replies":[{"embeddable":true,"href":"https:\/\/portaisuls-qua.azurewebsites.net\/ulsg\/wp-json\/wp\/v2\/comments?post=6864"}],"version-history":[{"count":1,"href":"https:\/\/portaisuls-qua.azurewebsites.net\/ulsg\/wp-json\/wp\/v2\/posts\/6864\/revisions"}],"predecessor-version":[{"id":6866,"href":"https:\/\/portaisuls-qua.azurewebsites.net\/ulsg\/wp-json\/wp\/v2\/posts\/6864\/revisions\/6866"}],"wp:featuredmedia":[{"embeddable":true,"href":"https:\/\/portaisuls-qua.azurewebsites.net\/ulsg\/wp-json\/wp\/v2\/media\/6865"}],"wp:attachment":[{"href":"https:\/\/portaisuls-qua.azurewebsites.net\/ulsg\/wp-json\/wp\/v2\/media?parent=6864"}],"wp:term":[{"taxonomy":"category","embeddable":true,"href":"https:\/\/portaisuls-qua.azurewebsites.net\/ulsg\/wp-json\/wp\/v2\/categories?post=6864"},{"taxonomy":"post_tag","embeddable":true,"href":"https:\/\/portaisuls-qua.azurewebsites.net\/ulsg\/wp-json\/wp\/v2\/tags?post=6864"}],"curies":[{"name":"wp","href":"https:\/\/api.w.org\/{rel}","templated":true}]}}