{"id":6867,"date":"2017-11-14T10:44:59","date_gmt":"2017-11-14T10:44:59","guid":{"rendered":"http:\/\/www.ulsguarda.min-saude.pt\/?p=6867"},"modified":"2017-11-14T17:23:32","modified_gmt":"2017-11-14T17:23:32","slug":"dia-mundial-da-doenca-pulmonar-obstrutiva-cronica","status":"publish","type":"post","link":"https:\/\/portaisuls-qua.azurewebsites.net\/ulsg\/noticias\/dia-mundial-da-doenca-pulmonar-obstrutiva-cronica\/","title":{"rendered":"Dia Mundial da Doen\u00e7a Pulmonar Obstrutiva Cr\u00f3nica"},"content":{"rendered":"<p>A ULS da Guarda associa-se \u00e0 iniciativa da Ordem dos Enfermeiros e vai assinalar, no pr\u00f3ximo dia 15 de novembro de 2017, o Dia Mundial da Doen\u00e7a Pulmonar Obstrutiva Cr\u00f3nica com uma ac\u00e7\u00e3o de sensibiliza\u00e7\u00e3o para a sa\u00fade na Escola Superior de Sa\u00fade da Guarda.<\/p>\n<p>A sess\u00e3o est\u00e1 agendada para as 9h30m. Segue-se uma reuni\u00e3o com o Col\u00e9gio da Especialidade de Enfermagem de Reabilita\u00e7\u00e3o, a equipa de Enfermagem de Reabilita\u00e7\u00e3o da ULS e a Enfermeira Diretora da ULS da Guarda.<\/p>\n<p>Durante a tarde decorrer\u00e1 em Seia um encontro com utentes no Hospital Nossa Senhora da Assun\u00e7\u00e3o.<\/p>\n<p><a href=\"http:\/\/www.ulsguarda.min-saude.pt\/wp-content\/uploads\/sites\/6\/2017\/11\/FolhetoDPOC2017.pdf\">Folheto<\/a><\/p>\n<p><a href=\"http:\/\/www.ulsguarda.min-saude.pt\/wp-content\/uploads\/sites\/6\/2017\/11\/ProgramaDPOC2017-2.pdf\">Programa<\/a><\/p>\n<p>&nbsp;<\/p>\n","protected":false},"excerpt":{"rendered":"<p>A ULS da Guarda associa-se \u00e0 iniciativa da Ordem dos Enfermeiros e vai assinalar, no pr\u00f3ximo dia 15 de novembro de 2017, o Dia Mundial da Doen\u00e7a Pulmonar Obstrutiva Cr\u00f3nica com uma ac\u00e7\u00e3o de sensibiliza\u00e7\u00e3o para a sa\u00fade na Escola Superior de Sa\u00fade da Guarda. A sess\u00e3o est\u00e1 agendada para as 9h30m. Segue-se uma reuni\u00e3o [&hellip;]<\/p>\n","protected":false},"author":46,"featured_media":6868,"comment_status":"open","ping_status":"open","sticky":false,"template":"","format":"standard","meta":{"footnotes":""},"categories":[8],"tags":[],"class_list":["post-6867","post","type-post","status-publish","format-standard","has-post-thumbnail","hentry","category-noticias"],"_links":{"self":[{"href":"https:\/\/portaisuls-qua.azurewebsites.net\/ulsg\/wp-json\/wp\/v2\/posts\/6867","targetHints":{"allow":["GET"]}}],"collection":[{"href":"https:\/\/portaisuls-qua.azurewebsites.net\/ulsg\/wp-json\/wp\/v2\/posts"}],"about":[{"href":"https:\/\/portaisuls-qua.azurewebsites.net\/ulsg\/wp-json\/wp\/v2\/types\/post"}],"author":[{"embeddable":true,"href":"https:\/\/portaisuls-qua.azurewebsites.net\/ulsg\/wp-json\/wp\/v2\/users\/46"}],"replies":[{"embeddable":true,"href":"https:\/\/portaisuls-qua.azurewebsites.net\/ulsg\/wp-json\/wp\/v2\/comments?post=6867"}],"version-history":[{"count":5,"href":"https:\/\/portaisuls-qua.azurewebsites.net\/ulsg\/wp-json\/wp\/v2\/posts\/6867\/revisions"}],"predecessor-version":[{"id":6882,"href":"https:\/\/portaisuls-qua.azurewebsites.net\/ulsg\/wp-json\/wp\/v2\/posts\/6867\/revisions\/6882"}],"wp:featuredmedia":[{"embeddable":true,"href":"https:\/\/portaisuls-qua.azurewebsites.net\/ulsg\/wp-json\/wp\/v2\/media\/6868"}],"wp:attachment":[{"href":"https:\/\/portaisuls-qua.azurewebsites.net\/ulsg\/wp-json\/wp\/v2\/media?parent=6867"}],"wp:term":[{"taxonomy":"category","embeddable":true,"href":"https:\/\/portaisuls-qua.azurewebsites.net\/ulsg\/wp-json\/wp\/v2\/categories?post=6867"},{"taxonomy":"post_tag","embeddable":true,"href":"https:\/\/portaisuls-qua.azurewebsites.net\/ulsg\/wp-json\/wp\/v2\/tags?post=6867"}],"curies":[{"name":"wp","href":"https:\/\/api.w.org\/{rel}","templated":true}]}}