{"id":6874,"date":"2017-11-14T17:17:58","date_gmt":"2017-11-14T17:17:58","guid":{"rendered":"http:\/\/www.ulsguarda.min-saude.pt\/?p=6874"},"modified":"2017-11-14T17:18:08","modified_gmt":"2017-11-14T17:18:08","slug":"no-dia-mundial-da-diabetes-comeu-se-mais-saudavel-em-alguns-restaurantes-do-distrito","status":"publish","type":"post","link":"https:\/\/portaisuls-qua.azurewebsites.net\/ulsg\/noticias\/no-dia-mundial-da-diabetes-comeu-se-mais-saudavel-em-alguns-restaurantes-do-distrito\/","title":{"rendered":"No Dia Mundial da Diabetes comeu-se mais saud\u00e1vel em alguns restaurantes do Distrito"},"content":{"rendered":"<p>Como forma de assinalar o dia Mundial da diabetes (14 de novembro), a ULS da Guarda e um conjunto de restaurantes do Distrito da Guarda foram parceiros na campanha\u00a0&#8220;Coma Saud\u00e1vel, trave a diabetes&#8221;.\u00a0Conhecendo-se a rela\u00e7\u00e3o entre as dietas hipercal\u00f3ricas, a obesidade e a Diabetes <em>Mellitus<\/em>, a campanha pretendeu sensibilizar os restaurantes para a import\u00e2ncia nutricional das refei\u00e7\u00f5es servidas aos clientes.<\/p>\n<p>A Unidade Local de Sa\u00fade da Guarda agradece a participa\u00e7\u00e3o dos restaurantes aderentes, que no dia a dia s\u00e3o o parceiro certo para\u00a0refei\u00e7\u00f5es\u00a0cada vez mais saud\u00e1veis.<\/p>\n<p>Confira algumas imagens disponibilizadas pelos\u00a0Restaurantes\u00a0 aderentes:<\/p>\n<p>Guarda<\/p>\n<p>Restaurante Pens\u00e3o alian\u00e7a<\/p>\n<p>Restaurante do Hotel\u00a0Vanguarda<\/p>\n<p>Restaurante do Hotel Lusit\u00e2nia<\/p>\n<p>Restaurante O Tacho<\/p>\n<p>Seia<\/p>\n<p>Restaurante do Museu do P\u00e3o<\/p>\n<p>Gouveia<\/p>\n<p>Restaurante Sabores da Serra &#8211; Hotel de Gouveia<\/p>\n<p>Sabugal<\/p>\n<p>Restaurante Casa da Esquila<\/p>\n<p>Trancoso<\/p>\n<p>Restaurante O Marqu\u00eas<\/p>\n<p>Restaurante V\u00edtor dos Leit\u00f5es<\/p>\n<p>M\u00eada<\/p>\n<p>Restaurante O Retiro<\/p>\n<p>&nbsp;<\/p>\n<p>&nbsp;<\/p>\n","protected":false},"excerpt":{"rendered":"<p>Como forma de assinalar o dia Mundial da diabetes (14 de novembro), a ULS da Guarda e um conjunto de restaurantes do Distrito da Guarda foram parceiros na campanha\u00a0&#8220;Coma Saud\u00e1vel, trave a diabetes&#8221;.\u00a0Conhecendo-se a rela\u00e7\u00e3o entre as dietas hipercal\u00f3ricas, a obesidade e a Diabetes Mellitus, a campanha pretendeu sensibilizar os restaurantes para a import\u00e2ncia nutricional [&hellip;]<\/p>\n","protected":false},"author":46,"featured_media":6875,"comment_status":"open","ping_status":"open","sticky":false,"template":"","format":"standard","meta":{"footnotes":""},"categories":[8],"tags":[],"class_list":["post-6874","post","type-post","status-publish","format-standard","has-post-thumbnail","hentry","category-noticias"],"_links":{"self":[{"href":"https:\/\/portaisuls-qua.azurewebsites.net\/ulsg\/wp-json\/wp\/v2\/posts\/6874","targetHints":{"allow":["GET"]}}],"collection":[{"href":"https:\/\/portaisuls-qua.azurewebsites.net\/ulsg\/wp-json\/wp\/v2\/posts"}],"about":[{"href":"https:\/\/portaisuls-qua.azurewebsites.net\/ulsg\/wp-json\/wp\/v2\/types\/post"}],"author":[{"embeddable":true,"href":"https:\/\/portaisuls-qua.azurewebsites.net\/ulsg\/wp-json\/wp\/v2\/users\/46"}],"replies":[{"embeddable":true,"href":"https:\/\/portaisuls-qua.azurewebsites.net\/ulsg\/wp-json\/wp\/v2\/comments?post=6874"}],"version-history":[{"count":1,"href":"https:\/\/portaisuls-qua.azurewebsites.net\/ulsg\/wp-json\/wp\/v2\/posts\/6874\/revisions"}],"predecessor-version":[{"id":6876,"href":"https:\/\/portaisuls-qua.azurewebsites.net\/ulsg\/wp-json\/wp\/v2\/posts\/6874\/revisions\/6876"}],"wp:featuredmedia":[{"embeddable":true,"href":"https:\/\/portaisuls-qua.azurewebsites.net\/ulsg\/wp-json\/wp\/v2\/media\/6875"}],"wp:attachment":[{"href":"https:\/\/portaisuls-qua.azurewebsites.net\/ulsg\/wp-json\/wp\/v2\/media?parent=6874"}],"wp:term":[{"taxonomy":"category","embeddable":true,"href":"https:\/\/portaisuls-qua.azurewebsites.net\/ulsg\/wp-json\/wp\/v2\/categories?post=6874"},{"taxonomy":"post_tag","embeddable":true,"href":"https:\/\/portaisuls-qua.azurewebsites.net\/ulsg\/wp-json\/wp\/v2\/tags?post=6874"}],"curies":[{"name":"wp","href":"https:\/\/api.w.org\/{rel}","templated":true}]}}