{"id":6916,"date":"2017-11-18T17:54:59","date_gmt":"2017-11-18T17:54:59","guid":{"rendered":"http:\/\/www.ulsguarda.min-saude.pt\/?p=6916"},"modified":"2017-11-18T17:55:10","modified_gmt":"2017-11-18T17:55:10","slug":"exposicao-prematuridade-na-perspetiva-das-criancas-e-jovens","status":"publish","type":"post","link":"https:\/\/portaisuls-qua.azurewebsites.net\/ulsg\/noticias\/exposicao-prematuridade-na-perspetiva-das-criancas-e-jovens\/","title":{"rendered":"Exposi\u00e7\u00e3o: Prematuridade na perspetiva das crian\u00e7as e jovens"},"content":{"rendered":"<p>No \u00e2mbito do Dia Mundial da Prematuridade, a Unidade de Neonatologia da ULS da Guarda preparou tamb\u00e9m a exposi\u00e7\u00e3o: \u201c<strong>Prematuridade na perspetiva das crian\u00e7as e jovens<\/strong>\u201d (colabora\u00e7\u00e3o do Agrupamento de Escolas da S\u00e9), com trabalhos de artes pl\u00e1sticas que est\u00e3o patentes no \u00e1trio do Pavilh\u00e3o das Consultas Externas do HSM, cuja inaugura\u00e7\u00e3o simb\u00f3lica ocorreu\u00a0na passada sexta-feira\u00a0e que vivamente recomendamos a sua visita.<\/p>\n","protected":false},"excerpt":{"rendered":"<p>No \u00e2mbito do Dia Mundial da Prematuridade, a Unidade de Neonatologia da ULS da Guarda preparou tamb\u00e9m a exposi\u00e7\u00e3o: \u201cPrematuridade na perspetiva das crian\u00e7as e jovens\u201d (colabora\u00e7\u00e3o do Agrupamento de Escolas da S\u00e9), com trabalhos de artes pl\u00e1sticas que est\u00e3o patentes no \u00e1trio do Pavilh\u00e3o das Consultas Externas do HSM, cuja inaugura\u00e7\u00e3o simb\u00f3lica ocorreu\u00a0na passada [&hellip;]<\/p>\n","protected":false},"author":46,"featured_media":6917,"comment_status":"open","ping_status":"open","sticky":false,"template":"","format":"standard","meta":{"footnotes":""},"categories":[8],"tags":[],"class_list":["post-6916","post","type-post","status-publish","format-standard","has-post-thumbnail","hentry","category-noticias"],"_links":{"self":[{"href":"https:\/\/portaisuls-qua.azurewebsites.net\/ulsg\/wp-json\/wp\/v2\/posts\/6916","targetHints":{"allow":["GET"]}}],"collection":[{"href":"https:\/\/portaisuls-qua.azurewebsites.net\/ulsg\/wp-json\/wp\/v2\/posts"}],"about":[{"href":"https:\/\/portaisuls-qua.azurewebsites.net\/ulsg\/wp-json\/wp\/v2\/types\/post"}],"author":[{"embeddable":true,"href":"https:\/\/portaisuls-qua.azurewebsites.net\/ulsg\/wp-json\/wp\/v2\/users\/46"}],"replies":[{"embeddable":true,"href":"https:\/\/portaisuls-qua.azurewebsites.net\/ulsg\/wp-json\/wp\/v2\/comments?post=6916"}],"version-history":[{"count":1,"href":"https:\/\/portaisuls-qua.azurewebsites.net\/ulsg\/wp-json\/wp\/v2\/posts\/6916\/revisions"}],"predecessor-version":[{"id":6918,"href":"https:\/\/portaisuls-qua.azurewebsites.net\/ulsg\/wp-json\/wp\/v2\/posts\/6916\/revisions\/6918"}],"wp:featuredmedia":[{"embeddable":true,"href":"https:\/\/portaisuls-qua.azurewebsites.net\/ulsg\/wp-json\/wp\/v2\/media\/6917"}],"wp:attachment":[{"href":"https:\/\/portaisuls-qua.azurewebsites.net\/ulsg\/wp-json\/wp\/v2\/media?parent=6916"}],"wp:term":[{"taxonomy":"category","embeddable":true,"href":"https:\/\/portaisuls-qua.azurewebsites.net\/ulsg\/wp-json\/wp\/v2\/categories?post=6916"},{"taxonomy":"post_tag","embeddable":true,"href":"https:\/\/portaisuls-qua.azurewebsites.net\/ulsg\/wp-json\/wp\/v2\/tags?post=6916"}],"curies":[{"name":"wp","href":"https:\/\/api.w.org\/{rel}","templated":true}]}}