{"id":6919,"date":"2017-11-18T18:08:55","date_gmt":"2017-11-18T18:08:55","guid":{"rendered":"http:\/\/www.ulsguarda.min-saude.pt\/?p=6919"},"modified":"2017-11-18T18:09:19","modified_gmt":"2017-11-18T18:09:19","slug":"pediatria-da-guarda-participa-em-projetos-do-hospital-de-sao-joao","status":"publish","type":"post","link":"https:\/\/portaisuls-qua.azurewebsites.net\/ulsg\/noticias\/pediatria-da-guarda-participa-em-projetos-do-hospital-de-sao-joao\/","title":{"rendered":"Pediatria da Guarda participa em projetos do Hospital de S\u00e3o Jo\u00e3o"},"content":{"rendered":"<p>O Servi\u00e7o de Pediatria da ULS da Guarda vai participar numa exposi\u00e7\u00e3o de Natal alusiva ao jantar de Natal cat\u00f3lico. Para a realiza\u00e7\u00e3o do projeto de jantar de Natal,foram entregues ao Servi\u00e7o, pratos da Vista Alegre, a fim de serem decorados com motivos natal\u00edcios e serem representados pratos tradicionais do Distrito.<\/p>\n<p>Esta iniciativa \u00e9 organizada pelo grupo do Hospital de S\u00e3o Jo\u00e3o do Porto que liderou tamb\u00e9m o projeto referente \u00e0 elabora\u00e7\u00e3o dos trabalhos efetuados pelas crian\u00e7as das pediatrias do SNS alusivos \u00e0 visita de Sua Santidade o Papa Francisco a Portugal, na qual o Servi\u00e7o de Pediatria da ULSG tamb\u00e9m participou e que estiveram expostos em Roma.<\/p>\n","protected":false},"excerpt":{"rendered":"<p>O Servi\u00e7o de Pediatria da ULS da Guarda vai participar numa exposi\u00e7\u00e3o de Natal alusiva ao jantar de Natal cat\u00f3lico. Para a realiza\u00e7\u00e3o do projeto de jantar de Natal,foram entregues ao Servi\u00e7o, pratos da Vista Alegre, a fim de serem decorados com motivos natal\u00edcios e serem representados pratos tradicionais do Distrito. Esta iniciativa \u00e9 organizada [&hellip;]<\/p>\n","protected":false},"author":46,"featured_media":6924,"comment_status":"open","ping_status":"open","sticky":false,"template":"","format":"standard","meta":{"footnotes":""},"categories":[8],"tags":[],"class_list":["post-6919","post","type-post","status-publish","format-standard","has-post-thumbnail","hentry","category-noticias"],"_links":{"self":[{"href":"https:\/\/portaisuls-qua.azurewebsites.net\/ulsg\/wp-json\/wp\/v2\/posts\/6919","targetHints":{"allow":["GET"]}}],"collection":[{"href":"https:\/\/portaisuls-qua.azurewebsites.net\/ulsg\/wp-json\/wp\/v2\/posts"}],"about":[{"href":"https:\/\/portaisuls-qua.azurewebsites.net\/ulsg\/wp-json\/wp\/v2\/types\/post"}],"author":[{"embeddable":true,"href":"https:\/\/portaisuls-qua.azurewebsites.net\/ulsg\/wp-json\/wp\/v2\/users\/46"}],"replies":[{"embeddable":true,"href":"https:\/\/portaisuls-qua.azurewebsites.net\/ulsg\/wp-json\/wp\/v2\/comments?post=6919"}],"version-history":[{"count":1,"href":"https:\/\/portaisuls-qua.azurewebsites.net\/ulsg\/wp-json\/wp\/v2\/posts\/6919\/revisions"}],"predecessor-version":[{"id":6925,"href":"https:\/\/portaisuls-qua.azurewebsites.net\/ulsg\/wp-json\/wp\/v2\/posts\/6919\/revisions\/6925"}],"wp:featuredmedia":[{"embeddable":true,"href":"https:\/\/portaisuls-qua.azurewebsites.net\/ulsg\/wp-json\/wp\/v2\/media\/6924"}],"wp:attachment":[{"href":"https:\/\/portaisuls-qua.azurewebsites.net\/ulsg\/wp-json\/wp\/v2\/media?parent=6919"}],"wp:term":[{"taxonomy":"category","embeddable":true,"href":"https:\/\/portaisuls-qua.azurewebsites.net\/ulsg\/wp-json\/wp\/v2\/categories?post=6919"},{"taxonomy":"post_tag","embeddable":true,"href":"https:\/\/portaisuls-qua.azurewebsites.net\/ulsg\/wp-json\/wp\/v2\/tags?post=6919"}],"curies":[{"name":"wp","href":"https:\/\/api.w.org\/{rel}","templated":true}]}}