{"id":6976,"date":"2017-12-07T16:35:15","date_gmt":"2017-12-07T16:35:15","guid":{"rendered":"http:\/\/www.ulsguarda.min-saude.pt\/?p=6976"},"modified":"2017-12-07T17:38:36","modified_gmt":"2017-12-07T17:38:36","slug":"formacao-para-profissionais-do-laboratorio-de-saude-publica-e-da-patologia-clinica","status":"publish","type":"post","link":"https:\/\/portaisuls-qua.azurewebsites.net\/ulsg\/noticias\/formacao-para-profissionais-do-laboratorio-de-saude-publica-e-da-patologia-clinica\/","title":{"rendered":"Forma\u00e7\u00e3o para profissionais do Laborat\u00f3rio de Sa\u00fade P\u00fablica e da Patologia Cl\u00ednica"},"content":{"rendered":"<p>Para os profissionais da Patologia Cl\u00ednica e do Laborat\u00f3rio de Sa\u00fade P\u00fablica da ULSG o dia foi de forma\u00e7\u00e3o. As equipas refor\u00e7aram os conhecimentos na \u00e1rea da &#8220;Metrologia &#8211; revalida\u00e7\u00e3o de m\u00e9todos versus valida\u00e7\u00e3o de m\u00e9todo&#8221; com o Dr. Guiomar Massa Medeiros.<\/p>\n","protected":false},"excerpt":{"rendered":"<p>Para os profissionais da Patologia Cl\u00ednica e do Laborat\u00f3rio de Sa\u00fade P\u00fablica da ULSG o dia foi de forma\u00e7\u00e3o. As equipas refor\u00e7aram os conhecimentos na \u00e1rea da &#8220;Metrologia &#8211; revalida\u00e7\u00e3o de m\u00e9todos versus valida\u00e7\u00e3o de m\u00e9todo&#8221; com o Dr. Guiomar Massa Medeiros.<\/p>\n","protected":false},"author":46,"featured_media":6977,"comment_status":"open","ping_status":"open","sticky":false,"template":"","format":"standard","meta":{"footnotes":""},"categories":[8],"tags":[],"class_list":["post-6976","post","type-post","status-publish","format-standard","has-post-thumbnail","hentry","category-noticias"],"_links":{"self":[{"href":"https:\/\/portaisuls-qua.azurewebsites.net\/ulsg\/wp-json\/wp\/v2\/posts\/6976","targetHints":{"allow":["GET"]}}],"collection":[{"href":"https:\/\/portaisuls-qua.azurewebsites.net\/ulsg\/wp-json\/wp\/v2\/posts"}],"about":[{"href":"https:\/\/portaisuls-qua.azurewebsites.net\/ulsg\/wp-json\/wp\/v2\/types\/post"}],"author":[{"embeddable":true,"href":"https:\/\/portaisuls-qua.azurewebsites.net\/ulsg\/wp-json\/wp\/v2\/users\/46"}],"replies":[{"embeddable":true,"href":"https:\/\/portaisuls-qua.azurewebsites.net\/ulsg\/wp-json\/wp\/v2\/comments?post=6976"}],"version-history":[{"count":2,"href":"https:\/\/portaisuls-qua.azurewebsites.net\/ulsg\/wp-json\/wp\/v2\/posts\/6976\/revisions"}],"predecessor-version":[{"id":6979,"href":"https:\/\/portaisuls-qua.azurewebsites.net\/ulsg\/wp-json\/wp\/v2\/posts\/6976\/revisions\/6979"}],"wp:featuredmedia":[{"embeddable":true,"href":"https:\/\/portaisuls-qua.azurewebsites.net\/ulsg\/wp-json\/wp\/v2\/media\/6977"}],"wp:attachment":[{"href":"https:\/\/portaisuls-qua.azurewebsites.net\/ulsg\/wp-json\/wp\/v2\/media?parent=6976"}],"wp:term":[{"taxonomy":"category","embeddable":true,"href":"https:\/\/portaisuls-qua.azurewebsites.net\/ulsg\/wp-json\/wp\/v2\/categories?post=6976"},{"taxonomy":"post_tag","embeddable":true,"href":"https:\/\/portaisuls-qua.azurewebsites.net\/ulsg\/wp-json\/wp\/v2\/tags?post=6976"}],"curies":[{"name":"wp","href":"https:\/\/api.w.org\/{rel}","templated":true}]}}