{"id":6991,"date":"2017-12-17T23:00:33","date_gmt":"2017-12-17T23:00:33","guid":{"rendered":"http:\/\/www.ulsguarda.min-saude.pt\/?p=6991"},"modified":"2017-12-17T23:00:46","modified_gmt":"2017-12-17T23:00:46","slug":"festa-de-natal-no-hsm","status":"publish","type":"post","link":"https:\/\/portaisuls-qua.azurewebsites.net\/ulsg\/noticias\/festa-de-natal-no-hsm\/","title":{"rendered":"FESTA DE NATAL NO HSM"},"content":{"rendered":"<p><span style=\"color: #000000;font-family: Calibri\">A ULS da Guarda proporcionou este domingo um excelente momento de anima\u00e7\u00e3o a todos os utentes internados no HSM e familiares. Pelo palco improvisado do HSM passaram os Grupo de Cantares da Arrifana, Grupo Concertinando, Conjunto Rosinha e Grupo Puxa Fole da Sequeira. <\/span><\/p>\n<p><span style=\"color: #000000;font-family: Calibri\">Para o \u00eaxito da iniciativa contribu\u00edram os profissionais da ULS, Seguran\u00e7a Charon Guarda, Beiralink, equipa da Chuva de Sucessos produ\u00e7\u00f5es e Voluntariado para a Sa\u00fade do HSM. <\/span><\/p>\n<p>&nbsp;<\/p>\n","protected":false},"excerpt":{"rendered":"<p>A ULS da Guarda proporcionou este domingo um excelente momento de anima\u00e7\u00e3o a todos os utentes internados no HSM e familiares. Pelo palco improvisado do HSM passaram os Grupo de Cantares da Arrifana, Grupo Concertinando, Conjunto Rosinha e Grupo Puxa Fole da Sequeira. Para o \u00eaxito da iniciativa contribu\u00edram os profissionais da ULS, Seguran\u00e7a Charon [&hellip;]<\/p>\n","protected":false},"author":46,"featured_media":6992,"comment_status":"open","ping_status":"open","sticky":false,"template":"","format":"standard","meta":{"footnotes":""},"categories":[8],"tags":[],"class_list":["post-6991","post","type-post","status-publish","format-standard","has-post-thumbnail","hentry","category-noticias"],"_links":{"self":[{"href":"https:\/\/portaisuls-qua.azurewebsites.net\/ulsg\/wp-json\/wp\/v2\/posts\/6991","targetHints":{"allow":["GET"]}}],"collection":[{"href":"https:\/\/portaisuls-qua.azurewebsites.net\/ulsg\/wp-json\/wp\/v2\/posts"}],"about":[{"href":"https:\/\/portaisuls-qua.azurewebsites.net\/ulsg\/wp-json\/wp\/v2\/types\/post"}],"author":[{"embeddable":true,"href":"https:\/\/portaisuls-qua.azurewebsites.net\/ulsg\/wp-json\/wp\/v2\/users\/46"}],"replies":[{"embeddable":true,"href":"https:\/\/portaisuls-qua.azurewebsites.net\/ulsg\/wp-json\/wp\/v2\/comments?post=6991"}],"version-history":[{"count":1,"href":"https:\/\/portaisuls-qua.azurewebsites.net\/ulsg\/wp-json\/wp\/v2\/posts\/6991\/revisions"}],"predecessor-version":[{"id":6993,"href":"https:\/\/portaisuls-qua.azurewebsites.net\/ulsg\/wp-json\/wp\/v2\/posts\/6991\/revisions\/6993"}],"wp:featuredmedia":[{"embeddable":true,"href":"https:\/\/portaisuls-qua.azurewebsites.net\/ulsg\/wp-json\/wp\/v2\/media\/6992"}],"wp:attachment":[{"href":"https:\/\/portaisuls-qua.azurewebsites.net\/ulsg\/wp-json\/wp\/v2\/media?parent=6991"}],"wp:term":[{"taxonomy":"category","embeddable":true,"href":"https:\/\/portaisuls-qua.azurewebsites.net\/ulsg\/wp-json\/wp\/v2\/categories?post=6991"},{"taxonomy":"post_tag","embeddable":true,"href":"https:\/\/portaisuls-qua.azurewebsites.net\/ulsg\/wp-json\/wp\/v2\/tags?post=6991"}],"curies":[{"name":"wp","href":"https:\/\/api.w.org\/{rel}","templated":true}]}}