{"id":7016,"date":"2018-01-01T17:08:12","date_gmt":"2018-01-01T17:08:12","guid":{"rendered":"http:\/\/www.ulsguarda.min-saude.pt\/?p=7016"},"modified":"2018-01-01T17:08:34","modified_gmt":"2018-01-01T17:08:34","slug":"primeiro-bebe-nascido-na-guarda-nasceu-no-primeiro-minuto-do-ano","status":"publish","type":"post","link":"https:\/\/portaisuls-qua.azurewebsites.net\/ulsg\/noticias\/primeiro-bebe-nascido-na-guarda-nasceu-no-primeiro-minuto-do-ano\/","title":{"rendered":"PRIMEIRO BEB\u00c9 NASCIDO NA GUARDA NASCEU NO PRIMEIRO MINUTO DO ANO"},"content":{"rendered":"<p>Chama-se Pedro, o primeiro beb\u00e9 nascido na Guarda no Novo Ano. O pequenito nasceu de parto normal, um minuto depois da meia-noite. Pesa 3,575 Kg e \u00e9 o primeiro filho de um casal de enfermeiros\u00a0residente na Guarda.<\/p>\n<p>O Presidente da C\u00e2mara Municipal da Guarda, Dr. \u00c1lvaro Amaro entregou j\u00e1 esta manh\u00e3 ao Primeiro Beb\u00e9 nascido na Guarda em 2018, lembran\u00e7as simb\u00f3licas da cidade: uma miniatura da \u201cAnjo da Guarda\u201d e um enxoval onde n\u00e3o falta um gorro para o frio da Guarda.<\/p>\n<p>O presente do Conselho de Administra\u00e7\u00e3o da ULS da Guarda, uma moldura em prata, foi entregue pela Diretora do Servi\u00e7o de Obstetr\u00edcia, Dra. Cremilda Sousa.<\/p>\n<p><strong>\u00a0<\/strong><\/p>\n","protected":false},"excerpt":{"rendered":"<p>Chama-se Pedro, o primeiro beb\u00e9 nascido na Guarda no Novo Ano. O pequenito nasceu de parto normal, um minuto depois da meia-noite. Pesa 3,575 Kg e \u00e9 o primeiro filho de um casal de enfermeiros\u00a0residente na Guarda. O Presidente da C\u00e2mara Municipal da Guarda, Dr. \u00c1lvaro Amaro entregou j\u00e1 esta manh\u00e3 ao Primeiro Beb\u00e9 nascido [&hellip;]<\/p>\n","protected":false},"author":46,"featured_media":7017,"comment_status":"open","ping_status":"open","sticky":false,"template":"","format":"standard","meta":{"footnotes":""},"categories":[8],"tags":[],"class_list":["post-7016","post","type-post","status-publish","format-standard","has-post-thumbnail","hentry","category-noticias"],"_links":{"self":[{"href":"https:\/\/portaisuls-qua.azurewebsites.net\/ulsg\/wp-json\/wp\/v2\/posts\/7016","targetHints":{"allow":["GET"]}}],"collection":[{"href":"https:\/\/portaisuls-qua.azurewebsites.net\/ulsg\/wp-json\/wp\/v2\/posts"}],"about":[{"href":"https:\/\/portaisuls-qua.azurewebsites.net\/ulsg\/wp-json\/wp\/v2\/types\/post"}],"author":[{"embeddable":true,"href":"https:\/\/portaisuls-qua.azurewebsites.net\/ulsg\/wp-json\/wp\/v2\/users\/46"}],"replies":[{"embeddable":true,"href":"https:\/\/portaisuls-qua.azurewebsites.net\/ulsg\/wp-json\/wp\/v2\/comments?post=7016"}],"version-history":[{"count":1,"href":"https:\/\/portaisuls-qua.azurewebsites.net\/ulsg\/wp-json\/wp\/v2\/posts\/7016\/revisions"}],"predecessor-version":[{"id":7018,"href":"https:\/\/portaisuls-qua.azurewebsites.net\/ulsg\/wp-json\/wp\/v2\/posts\/7016\/revisions\/7018"}],"wp:featuredmedia":[{"embeddable":true,"href":"https:\/\/portaisuls-qua.azurewebsites.net\/ulsg\/wp-json\/wp\/v2\/media\/7017"}],"wp:attachment":[{"href":"https:\/\/portaisuls-qua.azurewebsites.net\/ulsg\/wp-json\/wp\/v2\/media?parent=7016"}],"wp:term":[{"taxonomy":"category","embeddable":true,"href":"https:\/\/portaisuls-qua.azurewebsites.net\/ulsg\/wp-json\/wp\/v2\/categories?post=7016"},{"taxonomy":"post_tag","embeddable":true,"href":"https:\/\/portaisuls-qua.azurewebsites.net\/ulsg\/wp-json\/wp\/v2\/tags?post=7016"}],"curies":[{"name":"wp","href":"https:\/\/api.w.org\/{rel}","templated":true}]}}