{"id":7022,"date":"2018-01-02T16:15:04","date_gmt":"2018-01-02T16:15:04","guid":{"rendered":"http:\/\/www.ulsguarda.min-saude.pt\/?p=7022"},"modified":"2018-01-02T16:15:19","modified_gmt":"2018-01-02T16:15:19","slug":"uls-da-guarda-recebe-45-novos-medicos-internos","status":"publish","type":"post","link":"https:\/\/portaisuls-qua.azurewebsites.net\/ulsg\/noticias\/uls-da-guarda-recebe-45-novos-medicos-internos\/","title":{"rendered":"ULS da Guarda recebe 45 novos m\u00e9dicos internos"},"content":{"rendered":"<p>Decorreu esta ter\u00e7a-feira a rece\u00e7\u00e3o aos novos m\u00e9dicos internos, que iniciam a sua forma\u00e7\u00e3o na ULS. A sess\u00e3o de apresenta\u00e7\u00e3o teve lugar no audit\u00f3rio Dr. Lopo de Carvalho, tendo o grupo de internos tomado contacto com os principais respons\u00e1veis dos servi\u00e7os que participam na sua forma\u00e7\u00e3o. S\u00e3o 8 internos de especialidade (forma\u00e7\u00e3o espec\u00edfica) e 37 internos do ano comum.<\/p>\n<p>A forma\u00e7\u00e3o espec\u00edfica inclui as especialidades de Cirurgia Geral, Medicina Interna, Psiquiatria, Pediatria, Reumatologia, Medicina Geral e Familiar e Sa\u00fade P\u00fablica.<\/p>\n<p>O programa de integra\u00e7\u00e3o dos m\u00e9dicos internos vai prolongar-se por toda esta semana, com um vasto programa de atividades, visando promover a satisfa\u00e7\u00e3o pessoal e profissional e potencia\u00e7\u00e3o do desempenho na organiza\u00e7\u00e3o.<\/p>\n<p>A apresenta\u00e7\u00e3o de boas-vindas, estater\u00e7a-feira, foi feita pela representante do Conselho de Administra\u00e7\u00e3o da ULS da Guarda, Dra. F\u00e1tima Lima e pela Diretora do Internato M\u00e9dico, Dra. Cl\u00e1udia Vaz.\u00a0A sess\u00e3o, promovida pela Direc\u0327a\u0303o do Internato Me\u0301dico, contou ainda com a presen\u00e7a de Diretores de Servic\u0327o, Orientadores de Formac\u0327a\u0303o, Comissa\u0303o de Internos e a Coordenadora da Unidade de Forma\u00e7\u00e3o.<\/p>\n<p>&nbsp;<\/p>\n","protected":false},"excerpt":{"rendered":"<p>Decorreu esta ter\u00e7a-feira a rece\u00e7\u00e3o aos novos m\u00e9dicos internos, que iniciam a sua forma\u00e7\u00e3o na ULS. A sess\u00e3o de apresenta\u00e7\u00e3o teve lugar no audit\u00f3rio Dr. Lopo de Carvalho, tendo o grupo de internos tomado contacto com os principais respons\u00e1veis dos servi\u00e7os que participam na sua forma\u00e7\u00e3o. S\u00e3o 8 internos de especialidade (forma\u00e7\u00e3o espec\u00edfica) e 37 [&hellip;]<\/p>\n","protected":false},"author":46,"featured_media":7023,"comment_status":"open","ping_status":"open","sticky":false,"template":"","format":"standard","meta":{"footnotes":""},"categories":[8],"tags":[],"class_list":["post-7022","post","type-post","status-publish","format-standard","has-post-thumbnail","hentry","category-noticias"],"_links":{"self":[{"href":"https:\/\/portaisuls-qua.azurewebsites.net\/ulsg\/wp-json\/wp\/v2\/posts\/7022","targetHints":{"allow":["GET"]}}],"collection":[{"href":"https:\/\/portaisuls-qua.azurewebsites.net\/ulsg\/wp-json\/wp\/v2\/posts"}],"about":[{"href":"https:\/\/portaisuls-qua.azurewebsites.net\/ulsg\/wp-json\/wp\/v2\/types\/post"}],"author":[{"embeddable":true,"href":"https:\/\/portaisuls-qua.azurewebsites.net\/ulsg\/wp-json\/wp\/v2\/users\/46"}],"replies":[{"embeddable":true,"href":"https:\/\/portaisuls-qua.azurewebsites.net\/ulsg\/wp-json\/wp\/v2\/comments?post=7022"}],"version-history":[{"count":1,"href":"https:\/\/portaisuls-qua.azurewebsites.net\/ulsg\/wp-json\/wp\/v2\/posts\/7022\/revisions"}],"predecessor-version":[{"id":7024,"href":"https:\/\/portaisuls-qua.azurewebsites.net\/ulsg\/wp-json\/wp\/v2\/posts\/7022\/revisions\/7024"}],"wp:featuredmedia":[{"embeddable":true,"href":"https:\/\/portaisuls-qua.azurewebsites.net\/ulsg\/wp-json\/wp\/v2\/media\/7023"}],"wp:attachment":[{"href":"https:\/\/portaisuls-qua.azurewebsites.net\/ulsg\/wp-json\/wp\/v2\/media?parent=7022"}],"wp:term":[{"taxonomy":"category","embeddable":true,"href":"https:\/\/portaisuls-qua.azurewebsites.net\/ulsg\/wp-json\/wp\/v2\/categories?post=7022"},{"taxonomy":"post_tag","embeddable":true,"href":"https:\/\/portaisuls-qua.azurewebsites.net\/ulsg\/wp-json\/wp\/v2\/tags?post=7022"}],"curies":[{"name":"wp","href":"https:\/\/api.w.org\/{rel}","templated":true}]}}