{"id":7026,"date":"2018-01-05T11:22:57","date_gmt":"2018-01-05T11:22:57","guid":{"rendered":"http:\/\/www.ulsguarda.min-saude.pt\/?p=7026"},"modified":"2018-01-05T12:18:46","modified_gmt":"2018-01-05T12:18:46","slug":"semana-de-integracao-dos-medicos-internos","status":"publish","type":"post","link":"https:\/\/portaisuls-qua.azurewebsites.net\/ulsg\/sem-categoria\/semana-de-integracao-dos-medicos-internos\/","title":{"rendered":"Semana de integra\u00e7\u00e3o dos m\u00e9dicos internos"},"content":{"rendered":"<p>Continua a decorrer a semana de integra\u00e7\u00e3o dos 45 novos m\u00e9dicos internos da ULS a Guarda. Os profissionais de sa\u00fade receberam j\u00e1 forma\u00e7\u00e3o nas \u00e1reas do PPCIRA, software inform\u00e1tico para a \u00e1rea cl\u00ednica publica\u00e7\u00e3o de artigo cientifico e forma\u00e7\u00e3o de radiologia b\u00e1sica do t\u00f3rax. As sess\u00f5es formativas para os novos m\u00e9dicos\u00a0prolongam-se at\u00e9 \u00e0 pr\u00f3xima ter\u00e7a-feira.<\/p>\n<p><a href=\"http:\/\/www.ulsguarda.min-saude.pt\/wp-content\/uploads\/sites\/6\/2018\/01\/Semana.pdf\">Programa\u00a0da\u00a0Semana\u00a0de\u00a0Integra\u00e7\u00e3o<\/a><\/p>\n<p>&nbsp;<\/p>\n<p>&nbsp;<\/p>\n<p>&nbsp;<\/p>\n<p>&nbsp;<\/p>\n<p>&nbsp;<\/p>\n","protected":false},"excerpt":{"rendered":"<p>Continua a decorrer a semana de integra\u00e7\u00e3o dos 45 novos m\u00e9dicos internos da ULS a Guarda. Os profissionais de sa\u00fade receberam j\u00e1 forma\u00e7\u00e3o nas \u00e1reas do PPCIRA, software inform\u00e1tico para a \u00e1rea cl\u00ednica publica\u00e7\u00e3o de artigo cientifico e forma\u00e7\u00e3o de radiologia b\u00e1sica do t\u00f3rax. As sess\u00f5es formativas para os novos m\u00e9dicos\u00a0prolongam-se at\u00e9 \u00e0 pr\u00f3xima ter\u00e7a-feira. [&hellip;]<\/p>\n","protected":false},"author":46,"featured_media":7030,"comment_status":"open","ping_status":"open","sticky":false,"template":"","format":"standard","meta":{"footnotes":""},"categories":[8,1],"tags":[],"class_list":["post-7026","post","type-post","status-publish","format-standard","has-post-thumbnail","hentry","category-noticias","category-sem-categoria"],"_links":{"self":[{"href":"https:\/\/portaisuls-qua.azurewebsites.net\/ulsg\/wp-json\/wp\/v2\/posts\/7026","targetHints":{"allow":["GET"]}}],"collection":[{"href":"https:\/\/portaisuls-qua.azurewebsites.net\/ulsg\/wp-json\/wp\/v2\/posts"}],"about":[{"href":"https:\/\/portaisuls-qua.azurewebsites.net\/ulsg\/wp-json\/wp\/v2\/types\/post"}],"author":[{"embeddable":true,"href":"https:\/\/portaisuls-qua.azurewebsites.net\/ulsg\/wp-json\/wp\/v2\/users\/46"}],"replies":[{"embeddable":true,"href":"https:\/\/portaisuls-qua.azurewebsites.net\/ulsg\/wp-json\/wp\/v2\/comments?post=7026"}],"version-history":[{"count":3,"href":"https:\/\/portaisuls-qua.azurewebsites.net\/ulsg\/wp-json\/wp\/v2\/posts\/7026\/revisions"}],"predecessor-version":[{"id":7032,"href":"https:\/\/portaisuls-qua.azurewebsites.net\/ulsg\/wp-json\/wp\/v2\/posts\/7026\/revisions\/7032"}],"wp:featuredmedia":[{"embeddable":true,"href":"https:\/\/portaisuls-qua.azurewebsites.net\/ulsg\/wp-json\/wp\/v2\/media\/7030"}],"wp:attachment":[{"href":"https:\/\/portaisuls-qua.azurewebsites.net\/ulsg\/wp-json\/wp\/v2\/media?parent=7026"}],"wp:term":[{"taxonomy":"category","embeddable":true,"href":"https:\/\/portaisuls-qua.azurewebsites.net\/ulsg\/wp-json\/wp\/v2\/categories?post=7026"},{"taxonomy":"post_tag","embeddable":true,"href":"https:\/\/portaisuls-qua.azurewebsites.net\/ulsg\/wp-json\/wp\/v2\/tags?post=7026"}],"curies":[{"name":"wp","href":"https:\/\/api.w.org\/{rel}","templated":true}]}}