{"id":7036,"date":"2018-01-05T22:45:16","date_gmt":"2018-01-05T22:45:16","guid":{"rendered":"http:\/\/www.ulsguarda.min-saude.pt\/?p=7036"},"modified":"2018-01-05T22:45:28","modified_gmt":"2018-01-05T22:45:28","slug":"projeto-habilitar-visita-domiciliaria-de-reabilitacao","status":"publish","type":"post","link":"https:\/\/portaisuls-qua.azurewebsites.net\/ulsg\/noticias\/projeto-habilitar-visita-domiciliaria-de-reabilitacao\/","title":{"rendered":"Projeto &#8220;Habilitar&#8221;: Visita Domicili\u00e1ria de Reabilita\u00e7\u00e3o"},"content":{"rendered":"<p>Teve inicio esta sexta-feira, dia 5 de janeiro de 2018, a primeira Visita Domicili\u00e1ria de Reabilita\u00e7\u00e3o do Servi\u00e7o de Ortopedia. Ela ocorre em contexto de pr\u00e9 internamento e \u00e9 dirigida aos doentes propostos para cirurgia programada, abrangidos pelo Projeto \u201cHabilitar\u201d.<br \/>\nRecorde-se que o Projeto \u201cHabilitar\u201d \u00e9 um projeto do \u00e2mbito da Enfermagem de Reabilita\u00e7\u00e3o que foi implementado no Servi\u00e7o de Ortopedia desde 1 de janeiro<span class=\"text_exposed_hide\">&#8230;<\/span><span class=\"text_exposed_show\"> de 2016, do qual beneficiaram at\u00e9 ao momento 262 doentes. Ele contempla uma abordagem pr\u00e9 e p\u00f3s-operat\u00f3ria dos doentes propostos para coloca\u00e7\u00e3o de Pr\u00f3tese Total do Joelho (PTJ) e Pr\u00f3tese Total da Anca (PTA) em contexto de cirurgia programada.<br \/>\nEsta fase do projeto que agora se inicia, constitui a primeira abordagem em contexto domicili\u00e1rio, permitindo a verifica\u00e7\u00e3o in loco das condi\u00e7\u00f5es f\u00edsicas\/barreiras existentes e novas adapta\u00e7\u00f5es necess\u00e1rias aquando do seu regresso. Pretende-se tamb\u00e9m saber as condi\u00e7\u00f5es sociais e eventual necessidade de estabelecer antecipadamente uma liga\u00e7\u00e3o ao Servi\u00e7o Social. \u00c9 feita tamb\u00e9m a distribui\u00e7\u00e3o do \u201c Manual de Acolhimento do doente ao Servi\u00e7o\u201d, permitindo criar logo uma ponte de liga\u00e7\u00e3o \u00e0 institui\u00e7\u00e3o, e tamb\u00e9m ser\u00e3o efetuados alguns ensinos e sugest\u00f5es, nomeadamente sobre alguns equipamentos e auxiliares de marcha que os doentes ir\u00e3o necessitar.<br \/>\nDesta forma, acredita-se que esta abordagem \u00e9 efetivamente diferenciadora, contribuindo para uma recupera\u00e7\u00e3o funcional do doente mais r\u00e1pida, efetiva, com maior seguran\u00e7a em contexto domicili\u00e1rio, pretendendo-se tamb\u00e9m a redu\u00e7\u00e3o da demora m\u00e9dia de internamento, assegurando concomitantemente a redu\u00e7\u00e3o de custos associados aos cuidados de sa\u00fade, tendo sempre como premissa, a presta\u00e7\u00e3o de cuidados com qualidade.<\/span><span class=\"text_exposed_hide\"><span class=\"text_exposed_link\"><a class=\"see_more_link\" href=\"https:\/\/www.facebook.com\/UnidadeLocalSaudeGuarda\/posts\/1780643718907427\"><span class=\"see_more_link_inner\">Ver Mais<\/span><\/a><\/span><\/span><\/p>\n<div class=\"_3x-2\"><\/div>\n","protected":false},"excerpt":{"rendered":"<p>Teve inicio esta sexta-feira, dia 5 de janeiro de 2018, a primeira Visita Domicili\u00e1ria de Reabilita\u00e7\u00e3o do Servi\u00e7o de Ortopedia. Ela ocorre em contexto de pr\u00e9 internamento e \u00e9 dirigida aos doentes propostos para cirurgia programada, abrangidos pelo Projeto \u201cHabilitar\u201d. Recorde-se que o Projeto \u201cHabilitar\u201d \u00e9 um projeto do \u00e2mbito da Enfermagem de Reabilita\u00e7\u00e3o que [&hellip;]<\/p>\n","protected":false},"author":46,"featured_media":7037,"comment_status":"open","ping_status":"open","sticky":false,"template":"","format":"standard","meta":{"footnotes":""},"categories":[8],"tags":[],"class_list":["post-7036","post","type-post","status-publish","format-standard","has-post-thumbnail","hentry","category-noticias"],"_links":{"self":[{"href":"https:\/\/portaisuls-qua.azurewebsites.net\/ulsg\/wp-json\/wp\/v2\/posts\/7036","targetHints":{"allow":["GET"]}}],"collection":[{"href":"https:\/\/portaisuls-qua.azurewebsites.net\/ulsg\/wp-json\/wp\/v2\/posts"}],"about":[{"href":"https:\/\/portaisuls-qua.azurewebsites.net\/ulsg\/wp-json\/wp\/v2\/types\/post"}],"author":[{"embeddable":true,"href":"https:\/\/portaisuls-qua.azurewebsites.net\/ulsg\/wp-json\/wp\/v2\/users\/46"}],"replies":[{"embeddable":true,"href":"https:\/\/portaisuls-qua.azurewebsites.net\/ulsg\/wp-json\/wp\/v2\/comments?post=7036"}],"version-history":[{"count":1,"href":"https:\/\/portaisuls-qua.azurewebsites.net\/ulsg\/wp-json\/wp\/v2\/posts\/7036\/revisions"}],"predecessor-version":[{"id":7038,"href":"https:\/\/portaisuls-qua.azurewebsites.net\/ulsg\/wp-json\/wp\/v2\/posts\/7036\/revisions\/7038"}],"wp:featuredmedia":[{"embeddable":true,"href":"https:\/\/portaisuls-qua.azurewebsites.net\/ulsg\/wp-json\/wp\/v2\/media\/7037"}],"wp:attachment":[{"href":"https:\/\/portaisuls-qua.azurewebsites.net\/ulsg\/wp-json\/wp\/v2\/media?parent=7036"}],"wp:term":[{"taxonomy":"category","embeddable":true,"href":"https:\/\/portaisuls-qua.azurewebsites.net\/ulsg\/wp-json\/wp\/v2\/categories?post=7036"},{"taxonomy":"post_tag","embeddable":true,"href":"https:\/\/portaisuls-qua.azurewebsites.net\/ulsg\/wp-json\/wp\/v2\/tags?post=7036"}],"curies":[{"name":"wp","href":"https:\/\/api.w.org\/{rel}","templated":true}]}}