{"id":7048,"date":"2018-01-08T20:07:43","date_gmt":"2018-01-08T20:07:43","guid":{"rendered":"http:\/\/www.ulsguarda.min-saude.pt\/?p=7048"},"modified":"2018-01-08T20:10:45","modified_gmt":"2018-01-08T20:10:45","slug":"entrega-de-premios-do-concurso-de-presepios-da-uls-guarda","status":"publish","type":"post","link":"https:\/\/portaisuls-qua.azurewebsites.net\/ulsg\/noticias\/entrega-de-premios-do-concurso-de-presepios-da-uls-guarda\/","title":{"rendered":"Entrega de pr\u00e9mios do Concurso de Pres\u00e9pios da ULS Guarda"},"content":{"rendered":"<p>Numa sess\u00e3o informal e por isso descontra\u00edda, a Enfermeira-Chefe do Departamento de Psiquiatria, Enf.\u00aa Alzira Ferreira\u00a0entregou esta tarde os pr\u00e9mios aos pres\u00e9pios mais votados no tradicional concurso organizado pela Psiquiatria.<\/p>\n<p>Recordamos que neste Natal o 1\u00ba lugar foi atribu\u00eddo ao pres\u00e9pio dos Cuidados Intensivos, tendo havido dois segundos e dois terceiros lugares. O 2\u00ba lugar foi para os pres\u00e9pios da Medicina B e da Ortopedia e o\u00a03\u00ba lugar para os pres\u00e9pios da Pediatria e do \u00c1trio do Pavilh\u00e3o Novo. Houve ainda quatro Men\u00e7\u00f5es Honrosas: CS de Almeida, CS de Celorico, CS de Fornos de Algodres e Servi\u00e7o de Cirurgia do HNSA.<\/p>\n<p>Os pr\u00e9mios, ainda que simb\u00f3licos, tiveram o apoio da Casa de Pessoal e do Conselho de Administra\u00e7\u00e3o da ULS da Guarda.<\/p>\n<p>O concurso de pres\u00e9pios come\u00e7ou h\u00e1 17 anos como forma de terapia social dos utentes do Departamento de Psiquiatria e desde ent\u00e3o ganhou o reconhecimento e a simpatia de todos os servi\u00e7os. Este Natal participaram\u00a0quase tr\u00eas dezenas de\u00a0pres\u00e9pios.<\/p>\n","protected":false},"excerpt":{"rendered":"<p>Numa sess\u00e3o informal e por isso descontra\u00edda, a Enfermeira-Chefe do Departamento de Psiquiatria, Enf.\u00aa Alzira Ferreira\u00a0entregou esta tarde os pr\u00e9mios aos pres\u00e9pios mais votados no tradicional concurso organizado pela Psiquiatria. Recordamos que neste Natal o 1\u00ba lugar foi atribu\u00eddo ao pres\u00e9pio dos Cuidados Intensivos, tendo havido dois segundos e dois terceiros lugares. O 2\u00ba lugar [&hellip;]<\/p>\n","protected":false},"author":46,"featured_media":7049,"comment_status":"open","ping_status":"open","sticky":false,"template":"","format":"standard","meta":{"footnotes":""},"categories":[8],"tags":[],"class_list":["post-7048","post","type-post","status-publish","format-standard","has-post-thumbnail","hentry","category-noticias"],"_links":{"self":[{"href":"https:\/\/portaisuls-qua.azurewebsites.net\/ulsg\/wp-json\/wp\/v2\/posts\/7048","targetHints":{"allow":["GET"]}}],"collection":[{"href":"https:\/\/portaisuls-qua.azurewebsites.net\/ulsg\/wp-json\/wp\/v2\/posts"}],"about":[{"href":"https:\/\/portaisuls-qua.azurewebsites.net\/ulsg\/wp-json\/wp\/v2\/types\/post"}],"author":[{"embeddable":true,"href":"https:\/\/portaisuls-qua.azurewebsites.net\/ulsg\/wp-json\/wp\/v2\/users\/46"}],"replies":[{"embeddable":true,"href":"https:\/\/portaisuls-qua.azurewebsites.net\/ulsg\/wp-json\/wp\/v2\/comments?post=7048"}],"version-history":[{"count":4,"href":"https:\/\/portaisuls-qua.azurewebsites.net\/ulsg\/wp-json\/wp\/v2\/posts\/7048\/revisions"}],"predecessor-version":[{"id":7053,"href":"https:\/\/portaisuls-qua.azurewebsites.net\/ulsg\/wp-json\/wp\/v2\/posts\/7048\/revisions\/7053"}],"wp:featuredmedia":[{"embeddable":true,"href":"https:\/\/portaisuls-qua.azurewebsites.net\/ulsg\/wp-json\/wp\/v2\/media\/7049"}],"wp:attachment":[{"href":"https:\/\/portaisuls-qua.azurewebsites.net\/ulsg\/wp-json\/wp\/v2\/media?parent=7048"}],"wp:term":[{"taxonomy":"category","embeddable":true,"href":"https:\/\/portaisuls-qua.azurewebsites.net\/ulsg\/wp-json\/wp\/v2\/categories?post=7048"},{"taxonomy":"post_tag","embeddable":true,"href":"https:\/\/portaisuls-qua.azurewebsites.net\/ulsg\/wp-json\/wp\/v2\/tags?post=7048"}],"curies":[{"name":"wp","href":"https:\/\/api.w.org\/{rel}","templated":true}]}}