{"id":7072,"date":"2018-01-18T12:20:13","date_gmt":"2018-01-18T12:20:13","guid":{"rendered":"http:\/\/www.ulsguarda.min-saude.pt\/?p=7072"},"modified":"2018-01-18T12:20:54","modified_gmt":"2018-01-18T12:20:54","slug":"reflorestacao-do-parque-da-saude-da-uls-da-guarda","status":"publish","type":"post","link":"https:\/\/portaisuls-qua.azurewebsites.net\/ulsg\/noticias\/reflorestacao-do-parque-da-saude-da-uls-da-guarda\/","title":{"rendered":"Refloresta\u00e7\u00e3o do Parque da Sa\u00fade da ULS da Guarda"},"content":{"rendered":"<p>A Unidade Local de Sa\u00fade da Guarda abra\u00e7ou o desafio lan\u00e7ado pelo Rotary Club da Guarda e iniciou esta manh\u00e3 o processo de refloresta\u00e7\u00e3o do Parque da Sa\u00fade da ULS da Guarda. Uma iniciativa que conta tamb\u00e9m com o apoio do Instituto da Conserva\u00e7\u00e3o da Natureza e das Florestas (ICNF) e da C\u00e2mara Municipal da Guarda.<\/p>\n<p>Este projeto de refloresta\u00e7\u00e3o contempla a planta\u00e7\u00e3o de 150 \u00e1rvores de diferentes esp\u00e9cies: azevinho, pinheiro, carvalho, sobreiro, teixo, castanheiro, carrasqueira e medronheiro.<\/p>\n","protected":false},"excerpt":{"rendered":"<p>A Unidade Local de Sa\u00fade da Guarda abra\u00e7ou o desafio lan\u00e7ado pelo Rotary Club da Guarda e iniciou esta manh\u00e3 o processo de refloresta\u00e7\u00e3o do Parque da Sa\u00fade da ULS da Guarda. Uma iniciativa que conta tamb\u00e9m com o apoio do Instituto da Conserva\u00e7\u00e3o da Natureza e das Florestas (ICNF) e da C\u00e2mara Municipal da [&hellip;]<\/p>\n","protected":false},"author":46,"featured_media":7073,"comment_status":"open","ping_status":"open","sticky":false,"template":"","format":"standard","meta":{"footnotes":""},"categories":[8],"tags":[],"class_list":["post-7072","post","type-post","status-publish","format-standard","has-post-thumbnail","hentry","category-noticias"],"_links":{"self":[{"href":"https:\/\/portaisuls-qua.azurewebsites.net\/ulsg\/wp-json\/wp\/v2\/posts\/7072","targetHints":{"allow":["GET"]}}],"collection":[{"href":"https:\/\/portaisuls-qua.azurewebsites.net\/ulsg\/wp-json\/wp\/v2\/posts"}],"about":[{"href":"https:\/\/portaisuls-qua.azurewebsites.net\/ulsg\/wp-json\/wp\/v2\/types\/post"}],"author":[{"embeddable":true,"href":"https:\/\/portaisuls-qua.azurewebsites.net\/ulsg\/wp-json\/wp\/v2\/users\/46"}],"replies":[{"embeddable":true,"href":"https:\/\/portaisuls-qua.azurewebsites.net\/ulsg\/wp-json\/wp\/v2\/comments?post=7072"}],"version-history":[{"count":1,"href":"https:\/\/portaisuls-qua.azurewebsites.net\/ulsg\/wp-json\/wp\/v2\/posts\/7072\/revisions"}],"predecessor-version":[{"id":7074,"href":"https:\/\/portaisuls-qua.azurewebsites.net\/ulsg\/wp-json\/wp\/v2\/posts\/7072\/revisions\/7074"}],"wp:featuredmedia":[{"embeddable":true,"href":"https:\/\/portaisuls-qua.azurewebsites.net\/ulsg\/wp-json\/wp\/v2\/media\/7073"}],"wp:attachment":[{"href":"https:\/\/portaisuls-qua.azurewebsites.net\/ulsg\/wp-json\/wp\/v2\/media?parent=7072"}],"wp:term":[{"taxonomy":"category","embeddable":true,"href":"https:\/\/portaisuls-qua.azurewebsites.net\/ulsg\/wp-json\/wp\/v2\/categories?post=7072"},{"taxonomy":"post_tag","embeddable":true,"href":"https:\/\/portaisuls-qua.azurewebsites.net\/ulsg\/wp-json\/wp\/v2\/tags?post=7072"}],"curies":[{"name":"wp","href":"https:\/\/api.w.org\/{rel}","templated":true}]}}