{"id":7104,"date":"2018-01-30T17:30:52","date_gmt":"2018-01-30T17:30:52","guid":{"rendered":"http:\/\/www.ulsguarda.min-saude.pt\/?p=7104"},"modified":"2018-01-30T17:33:32","modified_gmt":"2018-01-30T17:33:32","slug":"a-dor-pintada-por-criancas-exposicao-nacional-chega-a-guarda","status":"publish","type":"post","link":"https:\/\/portaisuls-qua.azurewebsites.net\/ulsg\/noticias\/a-dor-pintada-por-criancas-exposicao-nacional-chega-a-guarda\/","title":{"rendered":"A Dor pintada por crian\u00e7as. Exposi\u00e7\u00e3o nacional chega \u00e0 Guarda"},"content":{"rendered":"<p><span style=\"font-family: Calibri\">Foi inaugurada simbolicamente, esta ter\u00e7a-feira, no Hospital Sousa Martins uma exposi\u00e7\u00e3o alusiva \u00e0 Dor sentida por crian\u00e7as em tratamento hospitalar. \u00c9 uma exposi\u00e7\u00e3o terap\u00eautica e did\u00e1tica sobre a dor em pediatria, procurando chamar \u00e0 aten\u00e7\u00e3o de pais, cuidadores e profissionais de sa\u00fade para a import\u00e2ncia de valorizar as queixas dos mais pequenos e de intervir atempadamente. A exposi\u00e7\u00e3o chama-se &#8220;Desenhos da Minha Dor&#8221; e re\u00fane uma sele\u00e7\u00e3o de trabalhos do concurso anual da Associa\u00e7\u00e3o Portuguesa para o Estudo da Dor (APED), em que crian\u00e7as doentes desenham a sua Dor. Esta exposi\u00e7\u00e3o itinerante \u00e9 composta por 21 pain\u00e9is de 80X200 cm e pode ser vista agora na Guarda, no \u00e1trio do Pavilh\u00e3o Novo do Hospital Sousa Martins. As crian\u00e7as atendidas no Servi\u00e7o de Pediatria da ULS da Guarda t\u00eam participado regularmente no concurso anual da APE. Esta exposi\u00e7\u00e3o estar\u00e1 patente at\u00e9 meados do m\u00eas de fevereiro.<\/span><\/p>\n<p>&nbsp;<\/p>\n","protected":false},"excerpt":{"rendered":"<p>Foi inaugurada simbolicamente, esta ter\u00e7a-feira, no Hospital Sousa Martins uma exposi\u00e7\u00e3o alusiva \u00e0 Dor sentida por crian\u00e7as em tratamento hospitalar. \u00c9 uma exposi\u00e7\u00e3o terap\u00eautica e did\u00e1tica sobre a dor em pediatria, procurando chamar \u00e0 aten\u00e7\u00e3o de pais, cuidadores e profissionais de sa\u00fade para a import\u00e2ncia de valorizar as queixas dos mais pequenos e de intervir [&hellip;]<\/p>\n","protected":false},"author":46,"featured_media":7105,"comment_status":"open","ping_status":"open","sticky":false,"template":"","format":"standard","meta":{"footnotes":""},"categories":[8],"tags":[],"class_list":["post-7104","post","type-post","status-publish","format-standard","has-post-thumbnail","hentry","category-noticias"],"_links":{"self":[{"href":"https:\/\/portaisuls-qua.azurewebsites.net\/ulsg\/wp-json\/wp\/v2\/posts\/7104","targetHints":{"allow":["GET"]}}],"collection":[{"href":"https:\/\/portaisuls-qua.azurewebsites.net\/ulsg\/wp-json\/wp\/v2\/posts"}],"about":[{"href":"https:\/\/portaisuls-qua.azurewebsites.net\/ulsg\/wp-json\/wp\/v2\/types\/post"}],"author":[{"embeddable":true,"href":"https:\/\/portaisuls-qua.azurewebsites.net\/ulsg\/wp-json\/wp\/v2\/users\/46"}],"replies":[{"embeddable":true,"href":"https:\/\/portaisuls-qua.azurewebsites.net\/ulsg\/wp-json\/wp\/v2\/comments?post=7104"}],"version-history":[{"count":1,"href":"https:\/\/portaisuls-qua.azurewebsites.net\/ulsg\/wp-json\/wp\/v2\/posts\/7104\/revisions"}],"predecessor-version":[{"id":7106,"href":"https:\/\/portaisuls-qua.azurewebsites.net\/ulsg\/wp-json\/wp\/v2\/posts\/7104\/revisions\/7106"}],"wp:featuredmedia":[{"embeddable":true,"href":"https:\/\/portaisuls-qua.azurewebsites.net\/ulsg\/wp-json\/wp\/v2\/media\/7105"}],"wp:attachment":[{"href":"https:\/\/portaisuls-qua.azurewebsites.net\/ulsg\/wp-json\/wp\/v2\/media?parent=7104"}],"wp:term":[{"taxonomy":"category","embeddable":true,"href":"https:\/\/portaisuls-qua.azurewebsites.net\/ulsg\/wp-json\/wp\/v2\/categories?post=7104"},{"taxonomy":"post_tag","embeddable":true,"href":"https:\/\/portaisuls-qua.azurewebsites.net\/ulsg\/wp-json\/wp\/v2\/tags?post=7104"}],"curies":[{"name":"wp","href":"https:\/\/api.w.org\/{rel}","templated":true}]}}