{"id":7109,"date":"2018-02-02T15:16:08","date_gmt":"2018-02-02T15:16:08","guid":{"rendered":"http:\/\/www.ulsguarda.min-saude.pt\/?p=7109"},"modified":"2018-02-02T15:16:31","modified_gmt":"2018-02-02T15:16:31","slug":"acao-de-sensibilizacao-no-hsm","status":"publish","type":"post","link":"https:\/\/portaisuls-qua.azurewebsites.net\/ulsg\/noticias\/acao-de-sensibilizacao-no-hsm\/","title":{"rendered":"A\u00e7\u00e3o de sensibiliza\u00e7\u00e3o no HSM"},"content":{"rendered":"<p><span class=\" _2iem\" role=\"heading\">Antecipando as atividades do Dia Mundial de Luta contra o Cancro, que se assinala este domingo, dia 04 de fevereiro, o movimento da Guarda \u201cVencer e Viver\u201d tem uma banca informativa desde esta manh\u00e3 no \u00e1trio do pavilh\u00e3o Novo do Hospital Sousa Martins. O Movimento Vencer e Viver, da Liga Portuguesa Contra o Cancro, est\u00e1, mais uma vez, a passar a palavra sobre as melhores estrat\u00e9gias para lidar com o cancro da mama.<\/span><\/p>\n","protected":false},"excerpt":{"rendered":"<p>Antecipando as atividades do Dia Mundial de Luta contra o Cancro, que se assinala este domingo, dia 04 de fevereiro, o movimento da Guarda \u201cVencer e Viver\u201d tem uma banca informativa desde esta manh\u00e3 no \u00e1trio do pavilh\u00e3o Novo do Hospital Sousa Martins. O Movimento Vencer e Viver, da Liga Portuguesa Contra o Cancro, est\u00e1, [&hellip;]<\/p>\n","protected":false},"author":46,"featured_media":7110,"comment_status":"open","ping_status":"open","sticky":false,"template":"","format":"standard","meta":{"footnotes":""},"categories":[8],"tags":[],"class_list":["post-7109","post","type-post","status-publish","format-standard","has-post-thumbnail","hentry","category-noticias"],"_links":{"self":[{"href":"https:\/\/portaisuls-qua.azurewebsites.net\/ulsg\/wp-json\/wp\/v2\/posts\/7109","targetHints":{"allow":["GET"]}}],"collection":[{"href":"https:\/\/portaisuls-qua.azurewebsites.net\/ulsg\/wp-json\/wp\/v2\/posts"}],"about":[{"href":"https:\/\/portaisuls-qua.azurewebsites.net\/ulsg\/wp-json\/wp\/v2\/types\/post"}],"author":[{"embeddable":true,"href":"https:\/\/portaisuls-qua.azurewebsites.net\/ulsg\/wp-json\/wp\/v2\/users\/46"}],"replies":[{"embeddable":true,"href":"https:\/\/portaisuls-qua.azurewebsites.net\/ulsg\/wp-json\/wp\/v2\/comments?post=7109"}],"version-history":[{"count":1,"href":"https:\/\/portaisuls-qua.azurewebsites.net\/ulsg\/wp-json\/wp\/v2\/posts\/7109\/revisions"}],"predecessor-version":[{"id":7111,"href":"https:\/\/portaisuls-qua.azurewebsites.net\/ulsg\/wp-json\/wp\/v2\/posts\/7109\/revisions\/7111"}],"wp:featuredmedia":[{"embeddable":true,"href":"https:\/\/portaisuls-qua.azurewebsites.net\/ulsg\/wp-json\/wp\/v2\/media\/7110"}],"wp:attachment":[{"href":"https:\/\/portaisuls-qua.azurewebsites.net\/ulsg\/wp-json\/wp\/v2\/media?parent=7109"}],"wp:term":[{"taxonomy":"category","embeddable":true,"href":"https:\/\/portaisuls-qua.azurewebsites.net\/ulsg\/wp-json\/wp\/v2\/categories?post=7109"},{"taxonomy":"post_tag","embeddable":true,"href":"https:\/\/portaisuls-qua.azurewebsites.net\/ulsg\/wp-json\/wp\/v2\/tags?post=7109"}],"curies":[{"name":"wp","href":"https:\/\/api.w.org\/{rel}","templated":true}]}}