{"id":7112,"date":"2018-02-03T18:00:24","date_gmt":"2018-02-03T18:00:24","guid":{"rendered":"http:\/\/www.ulsguarda.min-saude.pt\/?p=7112"},"modified":"2018-02-03T18:00:34","modified_gmt":"2018-02-03T18:00:34","slug":"polvos-de-amor-adotam-todos-os-bebes-nascidos-na-guarda","status":"publish","type":"post","link":"https:\/\/portaisuls-qua.azurewebsites.net\/ulsg\/noticias\/polvos-de-amor-adotam-todos-os-bebes-nascidos-na-guarda\/","title":{"rendered":"Polvos de Amor adotam todos os beb\u00e9s nascidos na Guarda"},"content":{"rendered":"<p>A partir deste s\u00e1bado todos os b\u00e9bes nascidos na Maternidade da Guarda passam a ser contemplados com um colorido \u201cpolvinho\u201d em croch\u00e9, feito com a dedica\u00e7\u00e3o, o amor e o carinho das volunt\u00e1rias do Movimento \u201cPolvos de Amor\u201d da Guarda.<\/p>\n<p>Numa sess\u00e3o simples e informal, a ULS rececionou das \u201cm\u00e3os de fada\u201d das volunt\u00e1rias 80 \u201cpolvinhos\u201d para serem distribuidos a todos os rec\u00e9m nascidos na Maternidade da Guarda.<\/p>\n<p>Desde a primeira hora que o Conselho de Administra\u00e7\u00e3o da ULS da Guarda se revelou recetivo a este projecto at\u00e9 porque \u201cn\u00e3o havendo dados ci\u00eantificos que permitam assegurar os benef\u00edcios dos \u201cpolvinhos\u201d para os rec\u00e9m nascidos, h\u00e1 pelo menos a garantia que o abra\u00e7o reconfortante dos tent\u00e1culos do \u201cpolvo\u201d tem uma enorme componente afetiva para o b\u00e9be\u201d, sublinhou esta manh\u00e3 a Enfermeira Diretora. N\u00e9lia Faria elogiou e agradeceu a forma \u201cempenhada, solid\u00e1ria e carinhosa\u201d com que a toda a comunidade se envolveu neste movimento.<\/p>\n<p>Recorde-se que este projeto foi acolhido em novembro do ano passado pelo Servi\u00e7o de Neonatologia e alarga-se agora \u00e0 Maternidade. \u201cUm alargamento que surge devido ao n\u00famero de volunt\u00e1rias que rapidamente se associaram\u201d, justificou Estela Po\u00e7o, a promotora do projeto na Guarda, que acrescentou que \u201ca produ\u00e7\u00e3o de \u201cpolvinhos\u201d \u00e9, nesta altura, suficiente para se poderem mimar todos os rec\u00e9m nascidos e n\u00e3o apenas os prematuros\u201d.<\/p>\n","protected":false},"excerpt":{"rendered":"<p>A partir deste s\u00e1bado todos os b\u00e9bes nascidos na Maternidade da Guarda passam a ser contemplados com um colorido \u201cpolvinho\u201d em croch\u00e9, feito com a dedica\u00e7\u00e3o, o amor e o carinho das volunt\u00e1rias do Movimento \u201cPolvos de Amor\u201d da Guarda. Numa sess\u00e3o simples e informal, a ULS rececionou das \u201cm\u00e3os de fada\u201d das volunt\u00e1rias 80 [&hellip;]<\/p>\n","protected":false},"author":46,"featured_media":7113,"comment_status":"open","ping_status":"open","sticky":false,"template":"","format":"standard","meta":{"footnotes":""},"categories":[8],"tags":[],"class_list":["post-7112","post","type-post","status-publish","format-standard","has-post-thumbnail","hentry","category-noticias"],"_links":{"self":[{"href":"https:\/\/portaisuls-qua.azurewebsites.net\/ulsg\/wp-json\/wp\/v2\/posts\/7112","targetHints":{"allow":["GET"]}}],"collection":[{"href":"https:\/\/portaisuls-qua.azurewebsites.net\/ulsg\/wp-json\/wp\/v2\/posts"}],"about":[{"href":"https:\/\/portaisuls-qua.azurewebsites.net\/ulsg\/wp-json\/wp\/v2\/types\/post"}],"author":[{"embeddable":true,"href":"https:\/\/portaisuls-qua.azurewebsites.net\/ulsg\/wp-json\/wp\/v2\/users\/46"}],"replies":[{"embeddable":true,"href":"https:\/\/portaisuls-qua.azurewebsites.net\/ulsg\/wp-json\/wp\/v2\/comments?post=7112"}],"version-history":[{"count":1,"href":"https:\/\/portaisuls-qua.azurewebsites.net\/ulsg\/wp-json\/wp\/v2\/posts\/7112\/revisions"}],"predecessor-version":[{"id":7118,"href":"https:\/\/portaisuls-qua.azurewebsites.net\/ulsg\/wp-json\/wp\/v2\/posts\/7112\/revisions\/7118"}],"wp:featuredmedia":[{"embeddable":true,"href":"https:\/\/portaisuls-qua.azurewebsites.net\/ulsg\/wp-json\/wp\/v2\/media\/7113"}],"wp:attachment":[{"href":"https:\/\/portaisuls-qua.azurewebsites.net\/ulsg\/wp-json\/wp\/v2\/media?parent=7112"}],"wp:term":[{"taxonomy":"category","embeddable":true,"href":"https:\/\/portaisuls-qua.azurewebsites.net\/ulsg\/wp-json\/wp\/v2\/categories?post=7112"},{"taxonomy":"post_tag","embeddable":true,"href":"https:\/\/portaisuls-qua.azurewebsites.net\/ulsg\/wp-json\/wp\/v2\/tags?post=7112"}],"curies":[{"name":"wp","href":"https:\/\/api.w.org\/{rel}","templated":true}]}}