{"id":7128,"date":"2018-02-08T16:56:51","date_gmt":"2018-02-08T16:56:51","guid":{"rendered":"http:\/\/www.ulsguarda.min-saude.pt\/?p=7128"},"modified":"2018-02-08T16:57:21","modified_gmt":"2018-02-08T16:57:21","slug":"alunos-da-guarda-jogam-as-frutas-e-legumes","status":"publish","type":"post","link":"https:\/\/portaisuls-qua.azurewebsites.net\/ulsg\/noticias\/alunos-da-guarda-jogam-as-frutas-e-legumes\/","title":{"rendered":"Alunos da Guarda jogam \u00e0s Frutas e Legumes"},"content":{"rendered":"<p><span style=\"font-family: 'Century Gothic','sans-serif'\"><span style=\"color: #000000\">\u00c0s vezes chegam a completar uma centena. S\u00e3o grupos de alunos vindos de v\u00e1rias escolas da Guarda e que regularmente se juntam \u00e0 roda da mesa para falarem de alimentos e de\u00a0alimenta\u00e7\u00e3o saud\u00e1vel\u00a0 Hoje foi um desses dias. Em tr\u00eas salas, nas instala\u00e7\u00f5es do Est\u00e1dio Municipal, alunos, professores, nutricionistas e cozinheiros, falaram e mexeram em frutas e legumes &#8211; foi o tema do dia.<\/span><\/span><\/p>\n<p><span style=\"font-family: 'Century Gothic','sans-serif'\"><span style=\"color: #000000\">Numa parceria que vem desde 2014, a ULS da Guarda e o Munic\u00edpio da Guarda desenvolvem com as escolas o projeto PEACE (Programa de Educa\u00e7\u00e3o Alimentar na Comunidade Escolar). Trata-se de um projeto de sa\u00fade preventiva, que a ULS da Guarda patrocina em todos os concelhos do distrito sob a sua abrang\u00eancia.<\/span><\/span><\/p>\n<p><span style=\"font-family: 'Century Gothic','sans-serif'\"><span style=\"color: #000000\">Na jornada de hoje, as frutas e os legumes foram os \u00fanicos ingredientes e com eles se fizeram provas cegas de degusta\u00e7\u00e3o, espetadas, sumos e hip\u00f3teses de ementas. Mesmo sendo tudo muito saud\u00e1vel, no final foi necess\u00e1rio passar pelo gin\u00e1sio para uma pequena dose de\u00a0exerc\u00edcio\u00a0f\u00edsico.<\/span><\/span><\/p>\n<p><span style=\"font-family: 'Century Gothic','sans-serif'\"><span style=\"color: #000000\">Foram convidados especiais nesta jornada a Dra. F\u00e1tima Lima &#8211;\u00a0Diretora Cl\u00ednica para os\u00a0Cuidados de Sa\u00fade Prim\u00e1rios, da Unidade Local de Sa\u00fade da Guarda\u00a0-, e a Dra. Luc\u00edlia Pina Monteiro, Vereadora na C\u00e2mara Municipal da Guarda\u00a0com os pelouros da A\u00e7\u00e3o Social, Educa\u00e7\u00e3o e Juventude.\u00a0\u00a0<\/span><\/span><\/p>\n<p>&nbsp;<\/p>\n","protected":false},"excerpt":{"rendered":"<p>\u00c0s vezes chegam a completar uma centena. S\u00e3o grupos de alunos vindos de v\u00e1rias escolas da Guarda e que regularmente se juntam \u00e0 roda da mesa para falarem de alimentos e de\u00a0alimenta\u00e7\u00e3o saud\u00e1vel\u00a0 Hoje foi um desses dias. Em tr\u00eas salas, nas instala\u00e7\u00f5es do Est\u00e1dio Municipal, alunos, professores, nutricionistas e cozinheiros, falaram e mexeram em [&hellip;]<\/p>\n","protected":false},"author":46,"featured_media":7129,"comment_status":"open","ping_status":"open","sticky":false,"template":"","format":"standard","meta":{"footnotes":""},"categories":[8],"tags":[],"class_list":["post-7128","post","type-post","status-publish","format-standard","has-post-thumbnail","hentry","category-noticias"],"_links":{"self":[{"href":"https:\/\/portaisuls-qua.azurewebsites.net\/ulsg\/wp-json\/wp\/v2\/posts\/7128","targetHints":{"allow":["GET"]}}],"collection":[{"href":"https:\/\/portaisuls-qua.azurewebsites.net\/ulsg\/wp-json\/wp\/v2\/posts"}],"about":[{"href":"https:\/\/portaisuls-qua.azurewebsites.net\/ulsg\/wp-json\/wp\/v2\/types\/post"}],"author":[{"embeddable":true,"href":"https:\/\/portaisuls-qua.azurewebsites.net\/ulsg\/wp-json\/wp\/v2\/users\/46"}],"replies":[{"embeddable":true,"href":"https:\/\/portaisuls-qua.azurewebsites.net\/ulsg\/wp-json\/wp\/v2\/comments?post=7128"}],"version-history":[{"count":1,"href":"https:\/\/portaisuls-qua.azurewebsites.net\/ulsg\/wp-json\/wp\/v2\/posts\/7128\/revisions"}],"predecessor-version":[{"id":7130,"href":"https:\/\/portaisuls-qua.azurewebsites.net\/ulsg\/wp-json\/wp\/v2\/posts\/7128\/revisions\/7130"}],"wp:featuredmedia":[{"embeddable":true,"href":"https:\/\/portaisuls-qua.azurewebsites.net\/ulsg\/wp-json\/wp\/v2\/media\/7129"}],"wp:attachment":[{"href":"https:\/\/portaisuls-qua.azurewebsites.net\/ulsg\/wp-json\/wp\/v2\/media?parent=7128"}],"wp:term":[{"taxonomy":"category","embeddable":true,"href":"https:\/\/portaisuls-qua.azurewebsites.net\/ulsg\/wp-json\/wp\/v2\/categories?post=7128"},{"taxonomy":"post_tag","embeddable":true,"href":"https:\/\/portaisuls-qua.azurewebsites.net\/ulsg\/wp-json\/wp\/v2\/tags?post=7128"}],"curies":[{"name":"wp","href":"https:\/\/api.w.org\/{rel}","templated":true}]}}