{"id":7202,"date":"2018-02-20T10:26:22","date_gmt":"2018-02-20T10:26:22","guid":{"rendered":"http:\/\/www.ulsguarda.min-saude.pt\/?p=7202"},"modified":"2018-02-20T10:26:40","modified_gmt":"2018-02-20T10:26:40","slug":"recolha-de-sangue-em-novo-espaco","status":"publish","type":"post","link":"https:\/\/portaisuls-qua.azurewebsites.net\/ulsg\/noticias\/recolha-de-sangue-em-novo-espaco\/","title":{"rendered":"Recolha de Sangue em novo espa\u00e7o"},"content":{"rendered":"<p><span style=\"color: #000000;font-family: Calibri\">O Hospital Sousa Martins acolheu ontem uma nova d\u00e1diva de sangue dos dadores volunt\u00e1rios da Guarda. A colheita foi desta vez feita em instala\u00e7\u00f5es mais amplas e confort\u00e1veis para os dadores e para os profissionais. A Recolha de Sangue \u00e9, de agora em diante, feita nas instala\u00e7\u00f5es junto ao antigo Servi\u00e7o de Imagiologia, no pavilh\u00e3o cinco do hospital (entrada pela \u00e1rea da Consulta Externa de Pediatria), estando \u00e0 sua espera a tamb\u00e9m habitual equipa t\u00e9cnica multidisciplinar de Coimbra. A pr\u00f3xima recolha est\u00e1 agendada para dia 19 de mar\u00e7o.<\/span><\/p>\n<p>&nbsp;<\/p>\n","protected":false},"excerpt":{"rendered":"<p>O Hospital Sousa Martins acolheu ontem uma nova d\u00e1diva de sangue dos dadores volunt\u00e1rios da Guarda. A colheita foi desta vez feita em instala\u00e7\u00f5es mais amplas e confort\u00e1veis para os dadores e para os profissionais. A Recolha de Sangue \u00e9, de agora em diante, feita nas instala\u00e7\u00f5es junto ao antigo Servi\u00e7o de Imagiologia, no pavilh\u00e3o [&hellip;]<\/p>\n","protected":false},"author":46,"featured_media":7203,"comment_status":"open","ping_status":"open","sticky":false,"template":"","format":"standard","meta":{"footnotes":""},"categories":[8],"tags":[],"class_list":["post-7202","post","type-post","status-publish","format-standard","has-post-thumbnail","hentry","category-noticias"],"_links":{"self":[{"href":"https:\/\/portaisuls-qua.azurewebsites.net\/ulsg\/wp-json\/wp\/v2\/posts\/7202","targetHints":{"allow":["GET"]}}],"collection":[{"href":"https:\/\/portaisuls-qua.azurewebsites.net\/ulsg\/wp-json\/wp\/v2\/posts"}],"about":[{"href":"https:\/\/portaisuls-qua.azurewebsites.net\/ulsg\/wp-json\/wp\/v2\/types\/post"}],"author":[{"embeddable":true,"href":"https:\/\/portaisuls-qua.azurewebsites.net\/ulsg\/wp-json\/wp\/v2\/users\/46"}],"replies":[{"embeddable":true,"href":"https:\/\/portaisuls-qua.azurewebsites.net\/ulsg\/wp-json\/wp\/v2\/comments?post=7202"}],"version-history":[{"count":1,"href":"https:\/\/portaisuls-qua.azurewebsites.net\/ulsg\/wp-json\/wp\/v2\/posts\/7202\/revisions"}],"predecessor-version":[{"id":7204,"href":"https:\/\/portaisuls-qua.azurewebsites.net\/ulsg\/wp-json\/wp\/v2\/posts\/7202\/revisions\/7204"}],"wp:featuredmedia":[{"embeddable":true,"href":"https:\/\/portaisuls-qua.azurewebsites.net\/ulsg\/wp-json\/wp\/v2\/media\/7203"}],"wp:attachment":[{"href":"https:\/\/portaisuls-qua.azurewebsites.net\/ulsg\/wp-json\/wp\/v2\/media?parent=7202"}],"wp:term":[{"taxonomy":"category","embeddable":true,"href":"https:\/\/portaisuls-qua.azurewebsites.net\/ulsg\/wp-json\/wp\/v2\/categories?post=7202"},{"taxonomy":"post_tag","embeddable":true,"href":"https:\/\/portaisuls-qua.azurewebsites.net\/ulsg\/wp-json\/wp\/v2\/tags?post=7202"}],"curies":[{"name":"wp","href":"https:\/\/api.w.org\/{rel}","templated":true}]}}