{"id":7223,"date":"2018-02-23T17:24:05","date_gmt":"2018-02-23T17:24:05","guid":{"rendered":"http:\/\/www.ulsguarda.min-saude.pt\/?p=7223"},"modified":"2018-02-23T17:24:50","modified_gmt":"2018-02-23T17:24:50","slug":"ulsg-representada-no-congresso-nacional-de-estomaterapia","status":"publish","type":"post","link":"https:\/\/portaisuls-qua.azurewebsites.net\/ulsg\/noticias\/ulsg-representada-no-congresso-nacional-de-estomaterapia\/","title":{"rendered":"ULSG representada no Congresso Nacional de Estomaterapia"},"content":{"rendered":"<div class=\"_3xge _2pip fsm fwn fcg\">\u00a0<span class=\" _2iem\" role=\"heading\">A ULS da Guarda est\u00e1 representada no Congresso Nacional de Estomaterapia que est\u00e1 a decorrer na cidade de Braga. As enfermeiras da Consulta Externa Lurdes Mocho e Paula Rem\u00e9dios levaram ao Congresso um Poster e uma Comunica\u00e7\u00e3o Livre sobre Resili\u00eancia e Qualidade de Vida da Pessoa com Ostomia. Este Congresso Nacional \u00e9 uma iniciativa da Associa\u00e7\u00e3o Portuguesa de Enfermeiros de Cuidados em Estomaterapia e est\u00e1 a decorrer no Audit\u00f3rio Vita na cidade de Braga.<\/span><\/div>\n","protected":false},"excerpt":{"rendered":"<p>\u00a0A ULS da Guarda est\u00e1 representada no Congresso Nacional de Estomaterapia que est\u00e1 a decorrer na cidade de Braga. As enfermeiras da Consulta Externa Lurdes Mocho e Paula Rem\u00e9dios levaram ao Congresso um Poster e uma Comunica\u00e7\u00e3o Livre sobre Resili\u00eancia e Qualidade de Vida da Pessoa com Ostomia. Este Congresso Nacional \u00e9 uma iniciativa da [&hellip;]<\/p>\n","protected":false},"author":46,"featured_media":7225,"comment_status":"open","ping_status":"open","sticky":false,"template":"","format":"standard","meta":{"footnotes":""},"categories":[8],"tags":[],"class_list":["post-7223","post","type-post","status-publish","format-standard","has-post-thumbnail","hentry","category-noticias"],"_links":{"self":[{"href":"https:\/\/portaisuls-qua.azurewebsites.net\/ulsg\/wp-json\/wp\/v2\/posts\/7223","targetHints":{"allow":["GET"]}}],"collection":[{"href":"https:\/\/portaisuls-qua.azurewebsites.net\/ulsg\/wp-json\/wp\/v2\/posts"}],"about":[{"href":"https:\/\/portaisuls-qua.azurewebsites.net\/ulsg\/wp-json\/wp\/v2\/types\/post"}],"author":[{"embeddable":true,"href":"https:\/\/portaisuls-qua.azurewebsites.net\/ulsg\/wp-json\/wp\/v2\/users\/46"}],"replies":[{"embeddable":true,"href":"https:\/\/portaisuls-qua.azurewebsites.net\/ulsg\/wp-json\/wp\/v2\/comments?post=7223"}],"version-history":[{"count":2,"href":"https:\/\/portaisuls-qua.azurewebsites.net\/ulsg\/wp-json\/wp\/v2\/posts\/7223\/revisions"}],"predecessor-version":[{"id":7227,"href":"https:\/\/portaisuls-qua.azurewebsites.net\/ulsg\/wp-json\/wp\/v2\/posts\/7223\/revisions\/7227"}],"wp:featuredmedia":[{"embeddable":true,"href":"https:\/\/portaisuls-qua.azurewebsites.net\/ulsg\/wp-json\/wp\/v2\/media\/7225"}],"wp:attachment":[{"href":"https:\/\/portaisuls-qua.azurewebsites.net\/ulsg\/wp-json\/wp\/v2\/media?parent=7223"}],"wp:term":[{"taxonomy":"category","embeddable":true,"href":"https:\/\/portaisuls-qua.azurewebsites.net\/ulsg\/wp-json\/wp\/v2\/categories?post=7223"},{"taxonomy":"post_tag","embeddable":true,"href":"https:\/\/portaisuls-qua.azurewebsites.net\/ulsg\/wp-json\/wp\/v2\/tags?post=7223"}],"curies":[{"name":"wp","href":"https:\/\/api.w.org\/{rel}","templated":true}]}}