{"id":7229,"date":"2018-02-26T10:12:12","date_gmt":"2018-02-26T10:12:12","guid":{"rendered":"http:\/\/www.ulsguarda.min-saude.pt\/?p=7229"},"modified":"2018-02-26T10:12:51","modified_gmt":"2018-02-26T10:12:51","slug":"ordem-dos-enfermeiros-esteve-na-uls-da-guarda","status":"publish","type":"post","link":"https:\/\/portaisuls-qua.azurewebsites.net\/ulsg\/noticias\/ordem-dos-enfermeiros-esteve-na-uls-da-guarda\/","title":{"rendered":"Ordem dos Enfermeiros esteve na ULS da Guarda"},"content":{"rendered":"<p><span style=\"font-family: Calibri\">O Conselho de Administra\u00e7\u00e3o da ULS da Guarda recebeu na passada sexta-feira elementos da Ordem dos Enfermeiros do Centro. A reuni\u00e3o de trabalho serviu para a Ordem conhecer de perto as preocupa\u00e7\u00f5es da administra\u00e7\u00e3o da ULS em rela\u00e7\u00e3o a esta classe profissional. Antes os representantes da Ordem dos Enfermeiros estiveram reunidos com os profissionais do Servi\u00e7o de Urg\u00eancias.<\/span><\/p>\n<p>&nbsp;<\/p>\n","protected":false},"excerpt":{"rendered":"<p>O Conselho de Administra\u00e7\u00e3o da ULS da Guarda recebeu na passada sexta-feira elementos da Ordem dos Enfermeiros do Centro. A reuni\u00e3o de trabalho serviu para a Ordem conhecer de perto as preocupa\u00e7\u00f5es da administra\u00e7\u00e3o da ULS em rela\u00e7\u00e3o a esta classe profissional. Antes os representantes da Ordem dos Enfermeiros estiveram reunidos com os profissionais do [&hellip;]<\/p>\n","protected":false},"author":46,"featured_media":7230,"comment_status":"open","ping_status":"open","sticky":false,"template":"","format":"standard","meta":{"footnotes":""},"categories":[8],"tags":[],"class_list":["post-7229","post","type-post","status-publish","format-standard","has-post-thumbnail","hentry","category-noticias"],"_links":{"self":[{"href":"https:\/\/portaisuls-qua.azurewebsites.net\/ulsg\/wp-json\/wp\/v2\/posts\/7229","targetHints":{"allow":["GET"]}}],"collection":[{"href":"https:\/\/portaisuls-qua.azurewebsites.net\/ulsg\/wp-json\/wp\/v2\/posts"}],"about":[{"href":"https:\/\/portaisuls-qua.azurewebsites.net\/ulsg\/wp-json\/wp\/v2\/types\/post"}],"author":[{"embeddable":true,"href":"https:\/\/portaisuls-qua.azurewebsites.net\/ulsg\/wp-json\/wp\/v2\/users\/46"}],"replies":[{"embeddable":true,"href":"https:\/\/portaisuls-qua.azurewebsites.net\/ulsg\/wp-json\/wp\/v2\/comments?post=7229"}],"version-history":[{"count":1,"href":"https:\/\/portaisuls-qua.azurewebsites.net\/ulsg\/wp-json\/wp\/v2\/posts\/7229\/revisions"}],"predecessor-version":[{"id":7231,"href":"https:\/\/portaisuls-qua.azurewebsites.net\/ulsg\/wp-json\/wp\/v2\/posts\/7229\/revisions\/7231"}],"wp:featuredmedia":[{"embeddable":true,"href":"https:\/\/portaisuls-qua.azurewebsites.net\/ulsg\/wp-json\/wp\/v2\/media\/7230"}],"wp:attachment":[{"href":"https:\/\/portaisuls-qua.azurewebsites.net\/ulsg\/wp-json\/wp\/v2\/media?parent=7229"}],"wp:term":[{"taxonomy":"category","embeddable":true,"href":"https:\/\/portaisuls-qua.azurewebsites.net\/ulsg\/wp-json\/wp\/v2\/categories?post=7229"},{"taxonomy":"post_tag","embeddable":true,"href":"https:\/\/portaisuls-qua.azurewebsites.net\/ulsg\/wp-json\/wp\/v2\/tags?post=7229"}],"curies":[{"name":"wp","href":"https:\/\/api.w.org\/{rel}","templated":true}]}}