{"id":7572,"date":"2018-06-08T12:02:52","date_gmt":"2018-06-08T12:02:52","guid":{"rendered":"https:\/\/www.ulsguarda.min-saude.pt\/?p=7572"},"modified":"2018-06-08T12:03:13","modified_gmt":"2018-06-08T12:03:13","slug":"diabetes-no-centro","status":"publish","type":"post","link":"https:\/\/portaisuls-qua.azurewebsites.net\/ulsg\/noticias\/diabetes-no-centro\/","title":{"rendered":"DIABETES NO CENTRO"},"content":{"rendered":"<p>Est\u00e1 a decorrer, desde o in\u00edcio da manh\u00e3 e prolonga-se at\u00e9 ao fim do dia, uma reuni\u00e3o direccionada para debater a Diabetes. A iniciativa \u00e9 da Sociedade Portuguesa de Diabetologia mas conta tamb\u00e9m com a colabora\u00e7\u00e3o da Unidade Funcional da Diabetes da ULS da Guarda.<\/p>\n<p>A sess\u00e3o de abertura, contou com a presen\u00e7a da Presidente do Conselho de Administra\u00e7\u00e3o da ULS da Guarda, Dra. Isabel Coelho.<\/p>\n","protected":false},"excerpt":{"rendered":"<p>Est\u00e1 a decorrer, desde o in\u00edcio da manh\u00e3 e prolonga-se at\u00e9 ao fim do dia, uma reuni\u00e3o direccionada para debater a Diabetes. A iniciativa \u00e9 da Sociedade Portuguesa de Diabetologia mas conta tamb\u00e9m com a colabora\u00e7\u00e3o da Unidade Funcional da Diabetes da ULS da Guarda. A sess\u00e3o de abertura, contou com a presen\u00e7a da Presidente [&hellip;]<\/p>\n","protected":false},"author":46,"featured_media":7573,"comment_status":"closed","ping_status":"open","sticky":false,"template":"","format":"standard","meta":{"footnotes":""},"categories":[8],"tags":[],"class_list":["post-7572","post","type-post","status-publish","format-standard","has-post-thumbnail","hentry","category-noticias"],"_links":{"self":[{"href":"https:\/\/portaisuls-qua.azurewebsites.net\/ulsg\/wp-json\/wp\/v2\/posts\/7572","targetHints":{"allow":["GET"]}}],"collection":[{"href":"https:\/\/portaisuls-qua.azurewebsites.net\/ulsg\/wp-json\/wp\/v2\/posts"}],"about":[{"href":"https:\/\/portaisuls-qua.azurewebsites.net\/ulsg\/wp-json\/wp\/v2\/types\/post"}],"author":[{"embeddable":true,"href":"https:\/\/portaisuls-qua.azurewebsites.net\/ulsg\/wp-json\/wp\/v2\/users\/46"}],"replies":[{"embeddable":true,"href":"https:\/\/portaisuls-qua.azurewebsites.net\/ulsg\/wp-json\/wp\/v2\/comments?post=7572"}],"version-history":[{"count":1,"href":"https:\/\/portaisuls-qua.azurewebsites.net\/ulsg\/wp-json\/wp\/v2\/posts\/7572\/revisions"}],"predecessor-version":[{"id":7574,"href":"https:\/\/portaisuls-qua.azurewebsites.net\/ulsg\/wp-json\/wp\/v2\/posts\/7572\/revisions\/7574"}],"wp:featuredmedia":[{"embeddable":true,"href":"https:\/\/portaisuls-qua.azurewebsites.net\/ulsg\/wp-json\/wp\/v2\/media\/7573"}],"wp:attachment":[{"href":"https:\/\/portaisuls-qua.azurewebsites.net\/ulsg\/wp-json\/wp\/v2\/media?parent=7572"}],"wp:term":[{"taxonomy":"category","embeddable":true,"href":"https:\/\/portaisuls-qua.azurewebsites.net\/ulsg\/wp-json\/wp\/v2\/categories?post=7572"},{"taxonomy":"post_tag","embeddable":true,"href":"https:\/\/portaisuls-qua.azurewebsites.net\/ulsg\/wp-json\/wp\/v2\/tags?post=7572"}],"curies":[{"name":"wp","href":"https:\/\/api.w.org\/{rel}","templated":true}]}}