{"id":7773,"date":"2018-09-17T17:35:50","date_gmt":"2018-09-17T17:35:50","guid":{"rendered":"https:\/\/www.ulsguarda.min-saude.pt\/?p=7773"},"modified":"2018-09-17T17:42:16","modified_gmt":"2018-09-17T17:42:16","slug":"clinica-estrelinha-voltou-a-brilhar-no-la-vie","status":"publish","type":"post","link":"https:\/\/portaisuls-qua.azurewebsites.net\/ulsg\/noticias\/clinica-estrelinha-voltou-a-brilhar-no-la-vie\/","title":{"rendered":"Clinica Estrelinha voltou a brilhar no La Vie"},"content":{"rendered":"<p>Tendo como objetivo desmistificar o papel do m\u00e9dico e do enfermeiro de fam\u00edlia na comunidade e educar para a sa\u00fade e cidadania, a ULS da Guarda, atrav\u00e9s da equipa da USF Ribeirinha, voltou a abrir as portas da Cl\u00ednica Estrelinha. <!--more-->Este projeto, que contou com o apoio do Centro Comercial La Vie e do Municipio da Guarda, destinou-se a crian\u00e7as da pr\u00e9-escola.<br \/>\nFoi criado um cen\u00e1rio semelhante ao de um Centro de Sa\u00fade onde as crian\u00e7as\u00a0levaram o seu brinquedo de elei\u00e7\u00e3o, com uma patologia \u00e0 sua escolha. O brinquedo passou por diferentes salas de avalia\u00e7\u00e3o e tratamento, onde recebeu os melhores cuidados de sa\u00fade.<\/p>\n","protected":false},"excerpt":{"rendered":"<p>Tendo como objetivo desmistificar o papel do m\u00e9dico e do enfermeiro de fam\u00edlia na comunidade e educar para a sa\u00fade e cidadania, a ULS da Guarda, atrav\u00e9s da equipa da USF Ribeirinha, voltou a abrir as portas da Cl\u00ednica Estrelinha.<\/p>\n","protected":false},"author":46,"featured_media":7774,"comment_status":"closed","ping_status":"open","sticky":false,"template":"","format":"standard","meta":{"footnotes":""},"categories":[8],"tags":[],"class_list":["post-7773","post","type-post","status-publish","format-standard","has-post-thumbnail","hentry","category-noticias"],"_links":{"self":[{"href":"https:\/\/portaisuls-qua.azurewebsites.net\/ulsg\/wp-json\/wp\/v2\/posts\/7773","targetHints":{"allow":["GET"]}}],"collection":[{"href":"https:\/\/portaisuls-qua.azurewebsites.net\/ulsg\/wp-json\/wp\/v2\/posts"}],"about":[{"href":"https:\/\/portaisuls-qua.azurewebsites.net\/ulsg\/wp-json\/wp\/v2\/types\/post"}],"author":[{"embeddable":true,"href":"https:\/\/portaisuls-qua.azurewebsites.net\/ulsg\/wp-json\/wp\/v2\/users\/46"}],"replies":[{"embeddable":true,"href":"https:\/\/portaisuls-qua.azurewebsites.net\/ulsg\/wp-json\/wp\/v2\/comments?post=7773"}],"version-history":[{"count":2,"href":"https:\/\/portaisuls-qua.azurewebsites.net\/ulsg\/wp-json\/wp\/v2\/posts\/7773\/revisions"}],"predecessor-version":[{"id":7780,"href":"https:\/\/portaisuls-qua.azurewebsites.net\/ulsg\/wp-json\/wp\/v2\/posts\/7773\/revisions\/7780"}],"wp:featuredmedia":[{"embeddable":true,"href":"https:\/\/portaisuls-qua.azurewebsites.net\/ulsg\/wp-json\/wp\/v2\/media\/7774"}],"wp:attachment":[{"href":"https:\/\/portaisuls-qua.azurewebsites.net\/ulsg\/wp-json\/wp\/v2\/media?parent=7773"}],"wp:term":[{"taxonomy":"category","embeddable":true,"href":"https:\/\/portaisuls-qua.azurewebsites.net\/ulsg\/wp-json\/wp\/v2\/categories?post=7773"},{"taxonomy":"post_tag","embeddable":true,"href":"https:\/\/portaisuls-qua.azurewebsites.net\/ulsg\/wp-json\/wp\/v2\/tags?post=7773"}],"curies":[{"name":"wp","href":"https:\/\/api.w.org\/{rel}","templated":true}]}}