{"id":7776,"date":"2018-09-17T17:39:01","date_gmt":"2018-09-17T17:39:01","guid":{"rendered":"https:\/\/www.ulsguarda.min-saude.pt\/?p=7776"},"modified":"2018-09-17T17:41:50","modified_gmt":"2018-09-17T17:41:50","slug":"exposicao-a-fotografia-do-nosso-corpo","status":"publish","type":"post","link":"https:\/\/portaisuls-qua.azurewebsites.net\/ulsg\/noticias\/exposicao-a-fotografia-do-nosso-corpo\/","title":{"rendered":"Exposi\u00e7\u00e3o &#8220;A Fotografia do Nosso Corpo&#8221;"},"content":{"rendered":"<p>Est\u00e1 em exibi\u00e7\u00e3o at\u00e9 ao pr\u00f3ximo dia 29 de Setembro de 2018, no \u00e1trio do Pavilh\u00e3o das Consultas Externa, no Hospital Sousa Martins, a Exposi\u00e7\u00e3o &#8220;A Fotografia do Nosso Corpo&#8221;. <!--more-->Trata-se de uma exposi\u00e7\u00e3o da autoria de diversos T\u00e9cnicos de Radiologia portugueses de v\u00e1rias regi\u00f5es do pa\u00eds, sendo organizada por uma associa\u00e7\u00e3o sem fins lucrativos designada NUCLIRAD &#8211; N\u00facleo de Desenvolvimento dos T\u00e9cnicos de Radiologia.<\/p>\n<p>Esta \u00e9 uma Exposi\u00e7\u00e3o Itinerante que teve in\u00edcio em Novembro de 2017 e tem o seu t\u00e9rmino previsto para dia 5 de Outubro de 2018.<\/p>\n<p>Durante todo este tempo percorreu diversos centros hospitalares de todo o pa\u00eds, tendo passado por Lisboa, Barreiro, Montijo, Set\u00fabal, Santa Maria da Feira, Porto, Beja e \u00c9vora.<\/p>\n<p>Depois do sucesso alcan\u00e7ado nestes locais, est\u00e1 agora em exibi\u00e7\u00e3o na Guarda no Hospital Sousa Martins, de 15 a 29 de Setembro, tornando poss\u00edvel a todos os profissionais e utentes, apreciar a Arte dos T\u00e9cnicos de Radiologia!<\/p>\n","protected":false},"excerpt":{"rendered":"<p>Est\u00e1 em exibi\u00e7\u00e3o at\u00e9 ao pr\u00f3ximo dia 29 de Setembro de 2018, no \u00e1trio do Pavilh\u00e3o das Consultas Externa, no Hospital Sousa Martins, a Exposi\u00e7\u00e3o &#8220;A Fotografia do Nosso Corpo&#8221;.<\/p>\n","protected":false},"author":46,"featured_media":7777,"comment_status":"closed","ping_status":"open","sticky":false,"template":"","format":"standard","meta":{"footnotes":""},"categories":[8],"tags":[],"class_list":["post-7776","post","type-post","status-publish","format-standard","has-post-thumbnail","hentry","category-noticias"],"_links":{"self":[{"href":"https:\/\/portaisuls-qua.azurewebsites.net\/ulsg\/wp-json\/wp\/v2\/posts\/7776","targetHints":{"allow":["GET"]}}],"collection":[{"href":"https:\/\/portaisuls-qua.azurewebsites.net\/ulsg\/wp-json\/wp\/v2\/posts"}],"about":[{"href":"https:\/\/portaisuls-qua.azurewebsites.net\/ulsg\/wp-json\/wp\/v2\/types\/post"}],"author":[{"embeddable":true,"href":"https:\/\/portaisuls-qua.azurewebsites.net\/ulsg\/wp-json\/wp\/v2\/users\/46"}],"replies":[{"embeddable":true,"href":"https:\/\/portaisuls-qua.azurewebsites.net\/ulsg\/wp-json\/wp\/v2\/comments?post=7776"}],"version-history":[{"count":2,"href":"https:\/\/portaisuls-qua.azurewebsites.net\/ulsg\/wp-json\/wp\/v2\/posts\/7776\/revisions"}],"predecessor-version":[{"id":7779,"href":"https:\/\/portaisuls-qua.azurewebsites.net\/ulsg\/wp-json\/wp\/v2\/posts\/7776\/revisions\/7779"}],"wp:featuredmedia":[{"embeddable":true,"href":"https:\/\/portaisuls-qua.azurewebsites.net\/ulsg\/wp-json\/wp\/v2\/media\/7777"}],"wp:attachment":[{"href":"https:\/\/portaisuls-qua.azurewebsites.net\/ulsg\/wp-json\/wp\/v2\/media?parent=7776"}],"wp:term":[{"taxonomy":"category","embeddable":true,"href":"https:\/\/portaisuls-qua.azurewebsites.net\/ulsg\/wp-json\/wp\/v2\/categories?post=7776"},{"taxonomy":"post_tag","embeddable":true,"href":"https:\/\/portaisuls-qua.azurewebsites.net\/ulsg\/wp-json\/wp\/v2\/tags?post=7776"}],"curies":[{"name":"wp","href":"https:\/\/api.w.org\/{rel}","templated":true}]}}