{"id":7793,"date":"2018-09-18T20:12:40","date_gmt":"2018-09-18T20:12:40","guid":{"rendered":"https:\/\/www.ulsguarda.min-saude.pt\/?p=7793"},"modified":"2018-09-18T20:12:59","modified_gmt":"2018-09-18T20:12:59","slug":"saude-oral-alargada-a-mais-unidades-de-saude-da-regiao","status":"publish","type":"post","link":"https:\/\/portaisuls-qua.azurewebsites.net\/ulsg\/noticias\/saude-oral-alargada-a-mais-unidades-de-saude-da-regiao\/","title":{"rendered":"SA\u00daDE ORAL ALARGADA A MAIS UNIDADES DE SA\u00daDE DA REGI\u00c3O"},"content":{"rendered":"<p>A Administra\u00e7\u00e3o Regional de Sa\u00fade do Centro (ARSC) e 17 c\u00e2maras municipais da regi\u00e3o Centro assinaram hoje, em Lisboa, protocolos de colabora\u00e7\u00e3o para o alargamento do funcionamento de consultas de sa\u00fade oral no Servi\u00e7o Nacional de Sa\u00fade nos cuidados de sa\u00fade prim\u00e1rios.<!--more-->Estes acordos, assinados durante a cerim\u00f3nia \u201cSa\u00fade Oral para Todos\u201d, em que estiveram presentes o Ministro da Sa\u00fade, Adalberto Campos Fernandes, e o Secret\u00e1rio de Estado Adjunto e da Sa\u00fade, Fernando Ara\u00fajo, visam a implementa\u00e7\u00e3o de consultas de sa\u00fade oral nos munic\u00edpios de Belmonte, Covilh\u00e3, <strong>Fornos de Algodres<\/strong>, Fund\u00e3o, Idanha-a-Nova, Mangualde, Marinha Grande, <strong>Meda<\/strong>, Mira, Oliveira do Hospital, Penamacor, Pombal, Proen\u00e7a-a-Nova, <strong>Sabugal<\/strong>, S\u00e1t\u00e3o, Sert\u00e3 e Soure.<\/p>\n<p>A cria\u00e7\u00e3o das consultas de medicina dent\u00e1ria a n\u00edvel dos cuidados de sa\u00fade prim\u00e1rios arrancou em 2016, de forma faseada, atrav\u00e9s do desenvolvimento de experi\u00eancias-piloto que foram sendo alargadas a todas as regi\u00f5es do pa\u00eds com bons resultados. Assim, a estrat\u00e9gia para a sa\u00fade oral no SNS a 2020 tem-se orientado para o aumento e melhoria da sua cobertura ao n\u00edvel dos cuidados de sa\u00fade prim\u00e1rios, de forma universal e com equidade, para o refor\u00e7o da literacia, considerando que o conhecimento das popula\u00e7\u00f5es, especialmente dos mais jovens, e a adequa\u00e7\u00e3o de comportamentos, nomeadamente preventivos, s\u00e3o componentes decisivas na melhoria sustentada da sa\u00fade oral e para o desenvolvimento de a\u00e7\u00f5es intersectoriais que envolvam as autarquias, alinhadas com os Planos Locais de Sa\u00fade.<\/p>\n","protected":false},"excerpt":{"rendered":"<p>A Administra\u00e7\u00e3o Regional de Sa\u00fade do Centro (ARSC) e 17 c\u00e2maras municipais da regi\u00e3o Centro assinaram hoje, em Lisboa, protocolos de colabora\u00e7\u00e3o para o alargamento do funcionamento de consultas de sa\u00fade oral no Servi\u00e7o Nacional de Sa\u00fade nos cuidados de sa\u00fade prim\u00e1rios.<\/p>\n","protected":false},"author":46,"featured_media":7795,"comment_status":"closed","ping_status":"open","sticky":false,"template":"","format":"standard","meta":{"footnotes":""},"categories":[8],"tags":[],"class_list":["post-7793","post","type-post","status-publish","format-standard","has-post-thumbnail","hentry","category-noticias"],"_links":{"self":[{"href":"https:\/\/portaisuls-qua.azurewebsites.net\/ulsg\/wp-json\/wp\/v2\/posts\/7793","targetHints":{"allow":["GET"]}}],"collection":[{"href":"https:\/\/portaisuls-qua.azurewebsites.net\/ulsg\/wp-json\/wp\/v2\/posts"}],"about":[{"href":"https:\/\/portaisuls-qua.azurewebsites.net\/ulsg\/wp-json\/wp\/v2\/types\/post"}],"author":[{"embeddable":true,"href":"https:\/\/portaisuls-qua.azurewebsites.net\/ulsg\/wp-json\/wp\/v2\/users\/46"}],"replies":[{"embeddable":true,"href":"https:\/\/portaisuls-qua.azurewebsites.net\/ulsg\/wp-json\/wp\/v2\/comments?post=7793"}],"version-history":[{"count":1,"href":"https:\/\/portaisuls-qua.azurewebsites.net\/ulsg\/wp-json\/wp\/v2\/posts\/7793\/revisions"}],"predecessor-version":[{"id":7796,"href":"https:\/\/portaisuls-qua.azurewebsites.net\/ulsg\/wp-json\/wp\/v2\/posts\/7793\/revisions\/7796"}],"wp:featuredmedia":[{"embeddable":true,"href":"https:\/\/portaisuls-qua.azurewebsites.net\/ulsg\/wp-json\/wp\/v2\/media\/7795"}],"wp:attachment":[{"href":"https:\/\/portaisuls-qua.azurewebsites.net\/ulsg\/wp-json\/wp\/v2\/media?parent=7793"}],"wp:term":[{"taxonomy":"category","embeddable":true,"href":"https:\/\/portaisuls-qua.azurewebsites.net\/ulsg\/wp-json\/wp\/v2\/categories?post=7793"},{"taxonomy":"post_tag","embeddable":true,"href":"https:\/\/portaisuls-qua.azurewebsites.net\/ulsg\/wp-json\/wp\/v2\/tags?post=7793"}],"curies":[{"name":"wp","href":"https:\/\/api.w.org\/{rel}","templated":true}]}}