{"id":7810,"date":"2018-09-22T15:24:10","date_gmt":"2018-09-22T15:24:10","guid":{"rendered":"https:\/\/www.ulsguarda.min-saude.pt\/?p=7810"},"modified":"2018-09-22T15:24:45","modified_gmt":"2018-09-22T15:24:45","slug":"workshop-antibioterapia-e-resistencia-aos-antimicrobianos","status":"publish","type":"post","link":"https:\/\/portaisuls-qua.azurewebsites.net\/ulsg\/noticias\/workshop-antibioterapia-e-resistencia-aos-antimicrobianos\/","title":{"rendered":"Workshop: Antibioterapia e Resist\u00eancia aos antimicrobianos"},"content":{"rendered":"<p><span class=\" _2iem\" role=\"heading\" aria-level=\"4\">Na passada quinta-feira, o Audit\u00f3rio Dr. Lopo de Carvalho recebeu o workshop: Antibioterapia e Resist\u00eancia aos antimicrobianos. Esta actividade organizada pelo Grupo Local do PPCIRA contou com a participa\u00e7\u00e3o da Dra. Isabel Neves (Infecciologista da ULS de Matosinhos e membro da Coordena\u00e7\u00e3o Nacional do PPCIRA).<\/span><\/p>\n","protected":false},"excerpt":{"rendered":"<p>Na passada quinta-feira, o Audit\u00f3rio Dr. Lopo de Carvalho recebeu o workshop: Antibioterapia e Resist\u00eancia aos antimicrobianos. Esta actividade organizada pelo Grupo Local do PPCIRA contou com a participa\u00e7\u00e3o da Dra. Isabel Neves (Infecciologista da ULS de Matosinhos e membro da Coordena\u00e7\u00e3o Nacional do PPCIRA).<\/p>\n","protected":false},"author":46,"featured_media":7811,"comment_status":"closed","ping_status":"open","sticky":false,"template":"","format":"standard","meta":{"footnotes":""},"categories":[8],"tags":[],"class_list":["post-7810","post","type-post","status-publish","format-standard","has-post-thumbnail","hentry","category-noticias"],"_links":{"self":[{"href":"https:\/\/portaisuls-qua.azurewebsites.net\/ulsg\/wp-json\/wp\/v2\/posts\/7810","targetHints":{"allow":["GET"]}}],"collection":[{"href":"https:\/\/portaisuls-qua.azurewebsites.net\/ulsg\/wp-json\/wp\/v2\/posts"}],"about":[{"href":"https:\/\/portaisuls-qua.azurewebsites.net\/ulsg\/wp-json\/wp\/v2\/types\/post"}],"author":[{"embeddable":true,"href":"https:\/\/portaisuls-qua.azurewebsites.net\/ulsg\/wp-json\/wp\/v2\/users\/46"}],"replies":[{"embeddable":true,"href":"https:\/\/portaisuls-qua.azurewebsites.net\/ulsg\/wp-json\/wp\/v2\/comments?post=7810"}],"version-history":[{"count":1,"href":"https:\/\/portaisuls-qua.azurewebsites.net\/ulsg\/wp-json\/wp\/v2\/posts\/7810\/revisions"}],"predecessor-version":[{"id":7812,"href":"https:\/\/portaisuls-qua.azurewebsites.net\/ulsg\/wp-json\/wp\/v2\/posts\/7810\/revisions\/7812"}],"wp:featuredmedia":[{"embeddable":true,"href":"https:\/\/portaisuls-qua.azurewebsites.net\/ulsg\/wp-json\/wp\/v2\/media\/7811"}],"wp:attachment":[{"href":"https:\/\/portaisuls-qua.azurewebsites.net\/ulsg\/wp-json\/wp\/v2\/media?parent=7810"}],"wp:term":[{"taxonomy":"category","embeddable":true,"href":"https:\/\/portaisuls-qua.azurewebsites.net\/ulsg\/wp-json\/wp\/v2\/categories?post=7810"},{"taxonomy":"post_tag","embeddable":true,"href":"https:\/\/portaisuls-qua.azurewebsites.net\/ulsg\/wp-json\/wp\/v2\/tags?post=7810"}],"curies":[{"name":"wp","href":"https:\/\/api.w.org\/{rel}","templated":true}]}}