{"id":7823,"date":"2018-09-29T20:34:35","date_gmt":"2018-09-29T20:34:35","guid":{"rendered":"https:\/\/www.ulsguarda.min-saude.pt\/?p=7823"},"modified":"2018-09-29T20:34:35","modified_gmt":"2018-09-29T20:34:35","slug":"casa-cheia-na-formacao-de-feridas","status":"publish","type":"post","link":"https:\/\/portaisuls-qua.azurewebsites.net\/ulsg\/noticias\/casa-cheia-na-formacao-de-feridas\/","title":{"rendered":"&#8220;Casa cheia&#8221; na forma\u00e7\u00e3o de feridas"},"content":{"rendered":"<p>O Audit\u00f3rio Dr. Lopo de Carvalho da ULS da Guarda recebeu, este s\u00e1bado, a forma\u00e7\u00e3o &#8220;Falando de Feridas&#8221;. <!--more-->Uma excelente manh\u00e3 de trabalho que contou com a preciosa presta\u00e7\u00e3o dos Enf. Carlos Cancela (USF Garcia da Orta) e Enf. Cremilda Almeida (ULS Guarda) e Enf. Joaquim N\u00e9rcio (ULS Guarda).<br \/>\nUma iniciativa organizada pela Comiss\u00e3o de Preven\u00e7\u00e3o e Tratamento de Feridas da ULS da Guarda.<\/p>\n","protected":false},"excerpt":{"rendered":"<p>O Audit\u00f3rio Dr. Lopo de Carvalho da ULS da Guarda recebeu, este s\u00e1bado, a forma\u00e7\u00e3o &#8220;Falando de Feridas&#8221;.<\/p>\n","protected":false},"author":46,"featured_media":7824,"comment_status":"closed","ping_status":"open","sticky":false,"template":"","format":"standard","meta":{"footnotes":""},"categories":[8],"tags":[],"class_list":["post-7823","post","type-post","status-publish","format-standard","has-post-thumbnail","hentry","category-noticias"],"_links":{"self":[{"href":"https:\/\/portaisuls-qua.azurewebsites.net\/ulsg\/wp-json\/wp\/v2\/posts\/7823","targetHints":{"allow":["GET"]}}],"collection":[{"href":"https:\/\/portaisuls-qua.azurewebsites.net\/ulsg\/wp-json\/wp\/v2\/posts"}],"about":[{"href":"https:\/\/portaisuls-qua.azurewebsites.net\/ulsg\/wp-json\/wp\/v2\/types\/post"}],"author":[{"embeddable":true,"href":"https:\/\/portaisuls-qua.azurewebsites.net\/ulsg\/wp-json\/wp\/v2\/users\/46"}],"replies":[{"embeddable":true,"href":"https:\/\/portaisuls-qua.azurewebsites.net\/ulsg\/wp-json\/wp\/v2\/comments?post=7823"}],"version-history":[{"count":1,"href":"https:\/\/portaisuls-qua.azurewebsites.net\/ulsg\/wp-json\/wp\/v2\/posts\/7823\/revisions"}],"predecessor-version":[{"id":7825,"href":"https:\/\/portaisuls-qua.azurewebsites.net\/ulsg\/wp-json\/wp\/v2\/posts\/7823\/revisions\/7825"}],"wp:featuredmedia":[{"embeddable":true,"href":"https:\/\/portaisuls-qua.azurewebsites.net\/ulsg\/wp-json\/wp\/v2\/media\/7824"}],"wp:attachment":[{"href":"https:\/\/portaisuls-qua.azurewebsites.net\/ulsg\/wp-json\/wp\/v2\/media?parent=7823"}],"wp:term":[{"taxonomy":"category","embeddable":true,"href":"https:\/\/portaisuls-qua.azurewebsites.net\/ulsg\/wp-json\/wp\/v2\/categories?post=7823"},{"taxonomy":"post_tag","embeddable":true,"href":"https:\/\/portaisuls-qua.azurewebsites.net\/ulsg\/wp-json\/wp\/v2\/tags?post=7823"}],"curies":[{"name":"wp","href":"https:\/\/api.w.org\/{rel}","templated":true}]}}