{"id":7826,"date":"2018-09-29T20:44:42","date_gmt":"2018-09-29T20:44:42","guid":{"rendered":"https:\/\/www.ulsguarda.min-saude.pt\/?p=7826"},"modified":"2018-09-29T20:45:16","modified_gmt":"2018-09-29T20:45:16","slug":"proximas-jornadas-de-ortopedia-da-guarda-ja-tem-data-marcada","status":"publish","type":"post","link":"https:\/\/portaisuls-qua.azurewebsites.net\/ulsg\/noticias\/proximas-jornadas-de-ortopedia-da-guarda-ja-tem-data-marcada\/","title":{"rendered":"Pr\u00f3ximas Jornadas de Ortopedia da Guarda j\u00e1 t\u00eam data marcada"},"content":{"rendered":"<div id=\"js_pr\" class=\"_5pbx userContent _3576\" data-ft=\"{&quot;tn&quot;:&quot;K&quot;}\">\n<p>O Professor Ramus Pascoa, do Hospital Universit\u00e1rio de Madrid fechou com &#8220;chave de ouro&#8221; mais uma edi\u00e7\u00e3o das Jornadas Ib\u00e9ricas de Ortopedia na Guarda. <!--more-->Uma iniciativa organizada pelo Servi\u00e7o de Ortopedia da ULS da Guarda que vai j\u00e1 na quarta edi\u00e7\u00e3o.<br \/>\nEste ano as discuss\u00f5es insidiram nas patologias de Infe\u00e7\u00e3o Osteoarticular.<br \/>\nFicou j\u00e1 agendada para 28 de setembro de 2019 uma pr\u00f3xima edi\u00e7\u00e3o com um novo tema de debate.<\/p>\n<\/div>\n<p>&nbsp;<\/p>\n<div class=\"_3x-2\" data-ft=\"{&quot;tn&quot;:&quot;H&quot;}\">\n<div data-ft=\"{&quot;tn&quot;:&quot;H&quot;}\">\n<div class=\"mtm\">\n<div class=\"_2a2q _65sr\">\n<div class=\"_17zx\">\n<div class=\"_17zy\"><\/div>\n<div class=\"_17zz\">\n<div class=\"_17z_\"><\/div>\n<div class=\"_17-0\"><\/div>\n<\/div>\n<\/div>\n<div class=\"uiScaledImageContainer\"><\/div>\n<\/div>\n<\/div>\n<\/div>\n<\/div>\n","protected":false},"excerpt":{"rendered":"<p>O Professor Ramus Pascoa, do Hospital Universit\u00e1rio de Madrid fechou com &#8220;chave de ouro&#8221; mais uma edi\u00e7\u00e3o das Jornadas Ib\u00e9ricas de Ortopedia na Guarda.<\/p>\n","protected":false},"author":46,"featured_media":7827,"comment_status":"closed","ping_status":"open","sticky":false,"template":"","format":"standard","meta":{"footnotes":""},"categories":[8],"tags":[],"class_list":["post-7826","post","type-post","status-publish","format-standard","has-post-thumbnail","hentry","category-noticias"],"_links":{"self":[{"href":"https:\/\/portaisuls-qua.azurewebsites.net\/ulsg\/wp-json\/wp\/v2\/posts\/7826","targetHints":{"allow":["GET"]}}],"collection":[{"href":"https:\/\/portaisuls-qua.azurewebsites.net\/ulsg\/wp-json\/wp\/v2\/posts"}],"about":[{"href":"https:\/\/portaisuls-qua.azurewebsites.net\/ulsg\/wp-json\/wp\/v2\/types\/post"}],"author":[{"embeddable":true,"href":"https:\/\/portaisuls-qua.azurewebsites.net\/ulsg\/wp-json\/wp\/v2\/users\/46"}],"replies":[{"embeddable":true,"href":"https:\/\/portaisuls-qua.azurewebsites.net\/ulsg\/wp-json\/wp\/v2\/comments?post=7826"}],"version-history":[{"count":1,"href":"https:\/\/portaisuls-qua.azurewebsites.net\/ulsg\/wp-json\/wp\/v2\/posts\/7826\/revisions"}],"predecessor-version":[{"id":7828,"href":"https:\/\/portaisuls-qua.azurewebsites.net\/ulsg\/wp-json\/wp\/v2\/posts\/7826\/revisions\/7828"}],"wp:featuredmedia":[{"embeddable":true,"href":"https:\/\/portaisuls-qua.azurewebsites.net\/ulsg\/wp-json\/wp\/v2\/media\/7827"}],"wp:attachment":[{"href":"https:\/\/portaisuls-qua.azurewebsites.net\/ulsg\/wp-json\/wp\/v2\/media?parent=7826"}],"wp:term":[{"taxonomy":"category","embeddable":true,"href":"https:\/\/portaisuls-qua.azurewebsites.net\/ulsg\/wp-json\/wp\/v2\/categories?post=7826"},{"taxonomy":"post_tag","embeddable":true,"href":"https:\/\/portaisuls-qua.azurewebsites.net\/ulsg\/wp-json\/wp\/v2\/tags?post=7826"}],"curies":[{"name":"wp","href":"https:\/\/api.w.org\/{rel}","templated":true}]}}