{"id":7876,"date":"2018-10-02T09:04:04","date_gmt":"2018-10-02T09:04:04","guid":{"rendered":"https:\/\/www.ulsguarda.min-saude.pt\/?p=7876"},"modified":"2018-10-02T09:42:42","modified_gmt":"2018-10-02T09:42:42","slug":"unidade-e-cuidados-paliativos-completou-8-anos","status":"publish","type":"post","link":"https:\/\/portaisuls-qua.azurewebsites.net\/ulsg\/noticias\/unidade-e-cuidados-paliativos-completou-8-anos\/","title":{"rendered":"Unidade e Cuidados Paliativos completou 8 anos"},"content":{"rendered":"<p>Comemorou-se esta segunda-feira, o oitavo anivers\u00e1rio da Unidade de Cuidados Paliativos, integrada no Hospital Nossa Senhora da Assun\u00e7\u00e3o que pertence \u00e0 Unidade Local de Sa\u00fade da Guarda.<!--more--><br \/>\nO anivers\u00e1rio foi comemorado com o entusiasmo dos volunt\u00e1rios da Liga de Amigos dos Hospital Nossa Senhora da Assun\u00e7\u00e3o, dos profissionais, do Conselho de Administra\u00e7\u00e3o e do Presidente da C\u00e2mara Municipal de Seia.<br \/>\nA Unidade de Cuidados Paliativos \u00e9 uma unidade de Internamento, para acompanhamento, tratamento e surpervis\u00e3o cl\u00ednica a doentes em situa\u00e7\u00e3o cl\u00ednica complexa, possui 11 quartos individuais.<\/p>\n","protected":false},"excerpt":{"rendered":"<p>Comemorou-se esta segunda-feira, o oitavo anivers\u00e1rio da Unidade de Cuidados Paliativos, integrada no Hospital Nossa Senhora da Assun\u00e7\u00e3o que pertence \u00e0 Unidade Local de Sa\u00fade da Guarda.<\/p>\n","protected":false},"author":46,"featured_media":7877,"comment_status":"closed","ping_status":"open","sticky":false,"template":"","format":"standard","meta":{"footnotes":""},"categories":[8],"tags":[],"class_list":["post-7876","post","type-post","status-publish","format-standard","has-post-thumbnail","hentry","category-noticias"],"_links":{"self":[{"href":"https:\/\/portaisuls-qua.azurewebsites.net\/ulsg\/wp-json\/wp\/v2\/posts\/7876","targetHints":{"allow":["GET"]}}],"collection":[{"href":"https:\/\/portaisuls-qua.azurewebsites.net\/ulsg\/wp-json\/wp\/v2\/posts"}],"about":[{"href":"https:\/\/portaisuls-qua.azurewebsites.net\/ulsg\/wp-json\/wp\/v2\/types\/post"}],"author":[{"embeddable":true,"href":"https:\/\/portaisuls-qua.azurewebsites.net\/ulsg\/wp-json\/wp\/v2\/users\/46"}],"replies":[{"embeddable":true,"href":"https:\/\/portaisuls-qua.azurewebsites.net\/ulsg\/wp-json\/wp\/v2\/comments?post=7876"}],"version-history":[{"count":1,"href":"https:\/\/portaisuls-qua.azurewebsites.net\/ulsg\/wp-json\/wp\/v2\/posts\/7876\/revisions"}],"predecessor-version":[{"id":7878,"href":"https:\/\/portaisuls-qua.azurewebsites.net\/ulsg\/wp-json\/wp\/v2\/posts\/7876\/revisions\/7878"}],"wp:featuredmedia":[{"embeddable":true,"href":"https:\/\/portaisuls-qua.azurewebsites.net\/ulsg\/wp-json\/wp\/v2\/media\/7877"}],"wp:attachment":[{"href":"https:\/\/portaisuls-qua.azurewebsites.net\/ulsg\/wp-json\/wp\/v2\/media?parent=7876"}],"wp:term":[{"taxonomy":"category","embeddable":true,"href":"https:\/\/portaisuls-qua.azurewebsites.net\/ulsg\/wp-json\/wp\/v2\/categories?post=7876"},{"taxonomy":"post_tag","embeddable":true,"href":"https:\/\/portaisuls-qua.azurewebsites.net\/ulsg\/wp-json\/wp\/v2\/tags?post=7876"}],"curies":[{"name":"wp","href":"https:\/\/api.w.org\/{rel}","templated":true}]}}