{"id":7924,"date":"2018-10-10T20:34:42","date_gmt":"2018-10-10T19:34:42","guid":{"rendered":"https:\/\/www.ulsguarda.min-saude.pt\/?p=7924"},"modified":"2018-10-10T20:36:54","modified_gmt":"2018-10-10T19:36:54","slug":"a-depressao-pos-avc-foi-o-tema-da-reuniao-do-gam-deste-mes","status":"publish","type":"post","link":"https:\/\/portaisuls-qua.azurewebsites.net\/ulsg\/noticias\/a-depressao-pos-avc-foi-o-tema-da-reuniao-do-gam-deste-mes\/","title":{"rendered":"A depress\u00e3o p\u00f3s AVC foi o tema da reuni\u00e3o do GAM deste m\u00eas"},"content":{"rendered":"<p><span class=\" _2iem\" role=\"heading\" aria-level=\"4\">&#8220;A Depress\u00e3o p\u00f3s AVC &#8221; foi o tema debatido na \u00faltima reuni\u00e3o do GAM, na passada ter\u00e7a-feira. Um tema apresentado pela M\u00e9dica Psiquiatra da ULS da Guarda, Dra. S\u00edlvia Castro. <!--more-->No pr\u00f3ximo dia 13 de novembro, o GAM volta a reunir na Sala Multidisciplinar do Servi\u00e7o de Medicina para escutar as orienta\u00e7\u00f5es da Nutricionista Dra. In\u00eas Campos.<\/span><\/p>\n","protected":false},"excerpt":{"rendered":"<p>&#8220;A Depress\u00e3o p\u00f3s AVC &#8221; foi o tema debatido na \u00faltima reuni\u00e3o do GAM, na passada ter\u00e7a-feira. Um tema apresentado pela M\u00e9dica Psiquiatra da ULS da Guarda, Dra. S\u00edlvia Castro.<\/p>\n","protected":false},"author":46,"featured_media":7925,"comment_status":"closed","ping_status":"open","sticky":false,"template":"","format":"standard","meta":{"footnotes":""},"categories":[8],"tags":[],"class_list":["post-7924","post","type-post","status-publish","format-standard","has-post-thumbnail","hentry","category-noticias"],"_links":{"self":[{"href":"https:\/\/portaisuls-qua.azurewebsites.net\/ulsg\/wp-json\/wp\/v2\/posts\/7924","targetHints":{"allow":["GET"]}}],"collection":[{"href":"https:\/\/portaisuls-qua.azurewebsites.net\/ulsg\/wp-json\/wp\/v2\/posts"}],"about":[{"href":"https:\/\/portaisuls-qua.azurewebsites.net\/ulsg\/wp-json\/wp\/v2\/types\/post"}],"author":[{"embeddable":true,"href":"https:\/\/portaisuls-qua.azurewebsites.net\/ulsg\/wp-json\/wp\/v2\/users\/46"}],"replies":[{"embeddable":true,"href":"https:\/\/portaisuls-qua.azurewebsites.net\/ulsg\/wp-json\/wp\/v2\/comments?post=7924"}],"version-history":[{"count":2,"href":"https:\/\/portaisuls-qua.azurewebsites.net\/ulsg\/wp-json\/wp\/v2\/posts\/7924\/revisions"}],"predecessor-version":[{"id":7927,"href":"https:\/\/portaisuls-qua.azurewebsites.net\/ulsg\/wp-json\/wp\/v2\/posts\/7924\/revisions\/7927"}],"wp:featuredmedia":[{"embeddable":true,"href":"https:\/\/portaisuls-qua.azurewebsites.net\/ulsg\/wp-json\/wp\/v2\/media\/7925"}],"wp:attachment":[{"href":"https:\/\/portaisuls-qua.azurewebsites.net\/ulsg\/wp-json\/wp\/v2\/media?parent=7924"}],"wp:term":[{"taxonomy":"category","embeddable":true,"href":"https:\/\/portaisuls-qua.azurewebsites.net\/ulsg\/wp-json\/wp\/v2\/categories?post=7924"},{"taxonomy":"post_tag","embeddable":true,"href":"https:\/\/portaisuls-qua.azurewebsites.net\/ulsg\/wp-json\/wp\/v2\/tags?post=7924"}],"curies":[{"name":"wp","href":"https:\/\/api.w.org\/{rel}","templated":true}]}}