{"id":7928,"date":"2018-10-04T20:51:27","date_gmt":"2018-10-04T19:51:27","guid":{"rendered":"https:\/\/www.ulsguarda.min-saude.pt\/?p=7928"},"modified":"2018-10-10T21:02:58","modified_gmt":"2018-10-10T20:02:58","slug":"7928","status":"publish","type":"post","link":"https:\/\/portaisuls-qua.azurewebsites.net\/ulsg\/noticias\/7928\/","title":{"rendered":"Inicio das comemora\u00e7\u00f5es do 10.\u00ba anivers\u00e1rio da ULSG"},"content":{"rendered":"<p>Num gesto simb\u00f3lico, que marcou o arraque das Comemora\u00e7\u00f5es do 10.\u00ba Anivers\u00e1rio da ULS da Guarda, o Conselho de Administra\u00e7\u00e3o entregou,\u00a0na passada\u00a0quarta-feira, pequenas lembran\u00e7as aos funcion\u00e1rios que em 2018 completam 25 anos ao servi\u00e7o da institui\u00e7\u00e3o.<!--more--><\/p>\n<p>Foi a primeira de dez atividades que a ULS vai levar a cabo neste ano em que a institui\u00e7\u00e3o completa o d\u00e9cimo anivers\u00e1rio. Uma atividade por cada ano de vida!<\/p>\n","protected":false},"excerpt":{"rendered":"<p>Num gesto simb\u00f3lico, que marcou o arraque das Comemora\u00e7\u00f5es do 10.\u00ba Anivers\u00e1rio da ULS da Guarda, o Conselho de Administra\u00e7\u00e3o entregou,\u00a0na passada\u00a0quarta-feira, pequenas lembran\u00e7as aos funcion\u00e1rios que em 2018 completam 25 anos ao servi\u00e7o da institui\u00e7\u00e3o.<\/p>\n","protected":false},"author":46,"featured_media":7930,"comment_status":"closed","ping_status":"open","sticky":false,"template":"","format":"standard","meta":{"footnotes":""},"categories":[8],"tags":[],"class_list":["post-7928","post","type-post","status-publish","format-standard","has-post-thumbnail","hentry","category-noticias"],"_links":{"self":[{"href":"https:\/\/portaisuls-qua.azurewebsites.net\/ulsg\/wp-json\/wp\/v2\/posts\/7928","targetHints":{"allow":["GET"]}}],"collection":[{"href":"https:\/\/portaisuls-qua.azurewebsites.net\/ulsg\/wp-json\/wp\/v2\/posts"}],"about":[{"href":"https:\/\/portaisuls-qua.azurewebsites.net\/ulsg\/wp-json\/wp\/v2\/types\/post"}],"author":[{"embeddable":true,"href":"https:\/\/portaisuls-qua.azurewebsites.net\/ulsg\/wp-json\/wp\/v2\/users\/46"}],"replies":[{"embeddable":true,"href":"https:\/\/portaisuls-qua.azurewebsites.net\/ulsg\/wp-json\/wp\/v2\/comments?post=7928"}],"version-history":[{"count":2,"href":"https:\/\/portaisuls-qua.azurewebsites.net\/ulsg\/wp-json\/wp\/v2\/posts\/7928\/revisions"}],"predecessor-version":[{"id":7932,"href":"https:\/\/portaisuls-qua.azurewebsites.net\/ulsg\/wp-json\/wp\/v2\/posts\/7928\/revisions\/7932"}],"wp:featuredmedia":[{"embeddable":true,"href":"https:\/\/portaisuls-qua.azurewebsites.net\/ulsg\/wp-json\/wp\/v2\/media\/7930"}],"wp:attachment":[{"href":"https:\/\/portaisuls-qua.azurewebsites.net\/ulsg\/wp-json\/wp\/v2\/media?parent=7928"}],"wp:term":[{"taxonomy":"category","embeddable":true,"href":"https:\/\/portaisuls-qua.azurewebsites.net\/ulsg\/wp-json\/wp\/v2\/categories?post=7928"},{"taxonomy":"post_tag","embeddable":true,"href":"https:\/\/portaisuls-qua.azurewebsites.net\/ulsg\/wp-json\/wp\/v2\/tags?post=7928"}],"curies":[{"name":"wp","href":"https:\/\/api.w.org\/{rel}","templated":true}]}}