{"id":7943,"date":"2018-10-11T12:54:58","date_gmt":"2018-10-11T11:54:58","guid":{"rendered":"https:\/\/www.ulsguarda.min-saude.pt\/?p=7943"},"modified":"2018-10-13T17:16:35","modified_gmt":"2018-10-13T16:16:35","slug":"mentalbike-tour-sorrir-para-uma-melhor-saude-mental","status":"publish","type":"post","link":"https:\/\/portaisuls-qua.azurewebsites.net\/ulsg\/noticias\/mentalbike-tour-sorrir-para-uma-melhor-saude-mental\/","title":{"rendered":"MENTALbike Tour \u2013 Sorrir para uma melhor sa\u00fade mental"},"content":{"rendered":"<p>Tendo como finalidade a sensibiliza\u00e7\u00e3o da comunidade para a necessidade da procura do equilibro na sua sa\u00fade em geral, mais especificamente em rela\u00e7\u00e3o \u00e0 promo\u00e7\u00e3o da sua Sa\u00fade Mental e das estrat\u00e9gias para encontrar o seu equil\u00edbrio, como Cidad\u00e3o e como Enfermeiro Especialista em Enfermagem de Sa\u00fade Mental e Psiqui\u00e1trica, o Enfermeiro Pedro Renca (natural da Guarda) tem desenvolvido projetos na \u00e1rea do cinema, fotografia, m\u00fasica, escrita e artes pl\u00e1sticas que demonstram a sua <span class=\"text_exposed_hide\">&#8230;<\/span><span class=\"text_exposed_show\">preocupa\u00e7\u00e3o para melhorar a literacia nesta \u00e1rea especifica.<!--more--><br \/>\nNeste sentido, no dia Mundial da Sa\u00fade Mental, que se assinalou ontem, realizou-se o primeiro \u201cMENTALbike Tour \u2013 Sorrir para uma melhor sa\u00fade mental\u201d.<br \/>\nO projeto consistiu em realizar uma etapa de bicicleta com cerca de 200 km, tra\u00e7ando a ponte entre duas institui\u00e7\u00f5es ligadas \u00e0 \u00e1rea da sa\u00fade mental e psiquiatria da cidade de Coimbra (Hospital de Sobral Cid) e a cidade da Guarda (Departamento de Psiquiatria e Sa\u00fade Mental). Desta forma, pretende-se demonstrar metaforicamente a necessidade e a import\u00e2ncia de um trabalho articulado. \u00c9 no estabelecimento de redes que surge a efic\u00e1cia e efici\u00eancia no tratamento e na presta\u00e7\u00e3o de cuidados.Defendendo a ideia de que a base de uma sa\u00fade mental equilibrada encontra-se no princ\u00edpio do respeito pela natureza, pelo ecossistema e como nos conseguimos relacionar uns com os outros, s\u00f3 se percebermos o que nos faz humanos \u00e9 que poderemos continuar a ser humanos. Neste sentido, por cada Km percorrido ir\u00e1 ser doado 1 \u20ac para a ajuda do plano terap\u00eautico de reabilita\u00e7\u00e3o de um pequeno pr\u00edncipe chamado Dinis (<a href=\"https:\/\/www.facebook.com\/principezinhocomnomederei\/?__xts__%5B0%5D=68.ARAQVKOK8asqeQsSa6HQk8Q5-mtQEn0hNLnyJpgrcGOaTmcMVg96MXpthLNhRZTC2prrsapWGtz1anJylWP6k0zZUAuKsEa-n6TCYtD8Ok1NkAQXIS_SeafmtVrkgDTeAGXV_KYLDvFN0sspsVWlL1Fqm9Ny6L53uc3ywYfc2UQig07x45fvKw&amp;__tn__=-UK-R\" data-ft=\"{&quot;tn&quot;:&quot;-U&quot;}\">https:\/\/www.facebook.com\/principezinhocomnomederei\/<\/a>). <\/span><\/p>\n","protected":false},"excerpt":{"rendered":"<p>Tendo como finalidade a sensibiliza\u00e7\u00e3o da comunidade para a necessidade da procura do equilibro na sua sa\u00fade em geral, mais especificamente em rela\u00e7\u00e3o \u00e0 promo\u00e7\u00e3o da sua Sa\u00fade Mental e das estrat\u00e9gias para encontrar o seu equil\u00edbrio, como Cidad\u00e3o e como Enfermeiro Especialista em Enfermagem de Sa\u00fade Mental e Psiqui\u00e1trica, o Enfermeiro Pedro Renca (natural [&hellip;]<\/p>\n","protected":false},"author":46,"featured_media":7944,"comment_status":"closed","ping_status":"open","sticky":false,"template":"","format":"standard","meta":{"footnotes":""},"categories":[8],"tags":[],"class_list":["post-7943","post","type-post","status-publish","format-standard","has-post-thumbnail","hentry","category-noticias"],"_links":{"self":[{"href":"https:\/\/portaisuls-qua.azurewebsites.net\/ulsg\/wp-json\/wp\/v2\/posts\/7943","targetHints":{"allow":["GET"]}}],"collection":[{"href":"https:\/\/portaisuls-qua.azurewebsites.net\/ulsg\/wp-json\/wp\/v2\/posts"}],"about":[{"href":"https:\/\/portaisuls-qua.azurewebsites.net\/ulsg\/wp-json\/wp\/v2\/types\/post"}],"author":[{"embeddable":true,"href":"https:\/\/portaisuls-qua.azurewebsites.net\/ulsg\/wp-json\/wp\/v2\/users\/46"}],"replies":[{"embeddable":true,"href":"https:\/\/portaisuls-qua.azurewebsites.net\/ulsg\/wp-json\/wp\/v2\/comments?post=7943"}],"version-history":[{"count":1,"href":"https:\/\/portaisuls-qua.azurewebsites.net\/ulsg\/wp-json\/wp\/v2\/posts\/7943\/revisions"}],"predecessor-version":[{"id":7945,"href":"https:\/\/portaisuls-qua.azurewebsites.net\/ulsg\/wp-json\/wp\/v2\/posts\/7943\/revisions\/7945"}],"wp:featuredmedia":[{"embeddable":true,"href":"https:\/\/portaisuls-qua.azurewebsites.net\/ulsg\/wp-json\/wp\/v2\/media\/7944"}],"wp:attachment":[{"href":"https:\/\/portaisuls-qua.azurewebsites.net\/ulsg\/wp-json\/wp\/v2\/media?parent=7943"}],"wp:term":[{"taxonomy":"category","embeddable":true,"href":"https:\/\/portaisuls-qua.azurewebsites.net\/ulsg\/wp-json\/wp\/v2\/categories?post=7943"},{"taxonomy":"post_tag","embeddable":true,"href":"https:\/\/portaisuls-qua.azurewebsites.net\/ulsg\/wp-json\/wp\/v2\/tags?post=7943"}],"curies":[{"name":"wp","href":"https:\/\/api.w.org\/{rel}","templated":true}]}}