{"id":7949,"date":"2018-10-12T17:43:52","date_gmt":"2018-10-12T16:43:52","guid":{"rendered":"https:\/\/www.ulsguarda.min-saude.pt\/?p=7949"},"modified":"2018-10-12T17:45:55","modified_gmt":"2018-10-12T16:45:55","slug":"ministro-da-saude-visita-novamente-uls-da-guarda","status":"publish","type":"post","link":"https:\/\/portaisuls-qua.azurewebsites.net\/ulsg\/noticias\/ministro-da-saude-visita-novamente-uls-da-guarda\/","title":{"rendered":"MINISTRO DA SA\u00daDE VISITA NOVAMENTE ULS DA GUARDA"},"content":{"rendered":"<p>O Ministro da Sa\u00fade, Prof. Adalberto Campos Fernandes esteve esta manh\u00e3 na Guarda. Come\u00e7ou a visita com uma reuni\u00e3o de trabalho com o Conselho de Administra\u00e7\u00e3o, a Presidente da ARS Centro e o Presidente da CIM.<!--more--><\/p>\n<p>De seguida, o Senhor Ministro visitou a \u00e1rea de consultas e exames de pneumologia, onde foi apresentada a nova t\u00e9cnica de criobi\u00f3psia e tomou conhecimento da hist\u00f3ria do servi\u00e7o, intimamente ligado ao Sanat\u00f3rio e ainda da proposta de constitui\u00e7\u00e3o em Centro de Responsabilidade Integrado.<\/p>\n<p>Ap\u00f3s terem sido cantados os parab\u00e9ns \u00e0 ULS da Guarda pelo seu d\u00e9cimo anivers\u00e1rio, pelas crian\u00e7as do Centro de Assistencia Social da Guarda, o Senhor Ministro entregou as chaves de quatro viaturas para apoio a cuidados domicili\u00e1rios \u00e0s Unidade de Cuidados de Sa\u00fade Prim\u00e1rios com maior \u00edndice de desempenho global, at\u00e9 julho deste ano: USF A Ribeirinha, UCSP de Almeida, UCSP de Celorico da Beira e UCSP de Figueira de Castelo Rodrigo.<\/p>\n<p>No Audit\u00f3rio Dr. Lopo de Carvalho, o Ministro da Sa\u00fade reuniu com os autarcas e for\u00e7as vivas da \u00e1rea de abrang\u00eancia da ULS da Guarda, contando com a presen\u00e7a de v\u00e1rios profissionais da institui\u00e7\u00e3o.<\/p>\n<p>O Ministro da Sa\u00fade garantiu ainda que o Governo n\u00e3o tem \u00aba m\u00ednima inten\u00e7\u00e3o de desgraduar\u00bb o Hospital Sousa Martins, mostrando toda a abertura em ajudar a ULS da Guarda no percurso no \u00e2mbito da certifica\u00e7\u00e3o e investiga\u00e7\u00e3o cl\u00ednica, que lhe permitir\u00e1 alcan\u00e7ar o estatuto de Centro Universit\u00e1rio, \u00e0 semelhan\u00e7a da Covilh\u00e3.<\/p>\n<p>O governante apelou ainda a mais trabalho em rede da ULS guardense com a ULS de Castelo Branco e os Centros Hospitalares da Cova da Beira e Tondela-Viseu.<\/p>\n<p>Sobre a requalifica\u00e7\u00e3o do Pavilh\u00e3o 5, o ministro garantiu que continua empenhado na concretiza\u00e7\u00e3o do projeto de forma a permitir a transfer\u00eancia da Maternidade, Pediatria e Neonatologia para instala\u00e7\u00f5es mais modernas, proporcionando uma melhoria substancial ao n\u00edvel do conforto e qualidade de resposta em \u00e1reas de enorme valor social.<\/p>\n<p>A visita terminou com um breve encontro com o grupo de doentes sobreviventes de AVC, que mensalmente re\u00fanem na Sala Multidisciplinar no Servi\u00e7o de Medicina.<\/p>\n<p>&nbsp;<\/p>\n<p>&nbsp;<\/p>\n<p>&nbsp;<\/p>\n<p>&nbsp;<\/p>\n","protected":false},"excerpt":{"rendered":"<p>O Ministro da Sa\u00fade, Prof. Adalberto Campos Fernandes esteve esta manh\u00e3 na Guarda. Come\u00e7ou a visita com uma reuni\u00e3o de trabalho com o Conselho de Administra\u00e7\u00e3o, a Presidente da ARS Centro e o Presidente da CIM.<\/p>\n","protected":false},"author":46,"featured_media":7950,"comment_status":"closed","ping_status":"open","sticky":false,"template":"","format":"standard","meta":{"footnotes":""},"categories":[8],"tags":[],"class_list":["post-7949","post","type-post","status-publish","format-standard","has-post-thumbnail","hentry","category-noticias"],"_links":{"self":[{"href":"https:\/\/portaisuls-qua.azurewebsites.net\/ulsg\/wp-json\/wp\/v2\/posts\/7949","targetHints":{"allow":["GET"]}}],"collection":[{"href":"https:\/\/portaisuls-qua.azurewebsites.net\/ulsg\/wp-json\/wp\/v2\/posts"}],"about":[{"href":"https:\/\/portaisuls-qua.azurewebsites.net\/ulsg\/wp-json\/wp\/v2\/types\/post"}],"author":[{"embeddable":true,"href":"https:\/\/portaisuls-qua.azurewebsites.net\/ulsg\/wp-json\/wp\/v2\/users\/46"}],"replies":[{"embeddable":true,"href":"https:\/\/portaisuls-qua.azurewebsites.net\/ulsg\/wp-json\/wp\/v2\/comments?post=7949"}],"version-history":[{"count":1,"href":"https:\/\/portaisuls-qua.azurewebsites.net\/ulsg\/wp-json\/wp\/v2\/posts\/7949\/revisions"}],"predecessor-version":[{"id":7951,"href":"https:\/\/portaisuls-qua.azurewebsites.net\/ulsg\/wp-json\/wp\/v2\/posts\/7949\/revisions\/7951"}],"wp:featuredmedia":[{"embeddable":true,"href":"https:\/\/portaisuls-qua.azurewebsites.net\/ulsg\/wp-json\/wp\/v2\/media\/7950"}],"wp:attachment":[{"href":"https:\/\/portaisuls-qua.azurewebsites.net\/ulsg\/wp-json\/wp\/v2\/media?parent=7949"}],"wp:term":[{"taxonomy":"category","embeddable":true,"href":"https:\/\/portaisuls-qua.azurewebsites.net\/ulsg\/wp-json\/wp\/v2\/categories?post=7949"},{"taxonomy":"post_tag","embeddable":true,"href":"https:\/\/portaisuls-qua.azurewebsites.net\/ulsg\/wp-json\/wp\/v2\/tags?post=7949"}],"curies":[{"name":"wp","href":"https:\/\/api.w.org\/{rel}","templated":true}]}}