{"id":7952,"date":"2018-10-13T17:14:26","date_gmt":"2018-10-13T16:14:26","guid":{"rendered":"https:\/\/www.ulsguarda.min-saude.pt\/?p=7952"},"modified":"2018-10-13T17:14:35","modified_gmt":"2018-10-13T16:14:35","slug":"6-a-caminhada-de-pernas-aos-seus-pulmoes","status":"publish","type":"post","link":"https:\/\/portaisuls-qua.azurewebsites.net\/ulsg\/noticias\/6-a-caminhada-de-pernas-aos-seus-pulmoes\/","title":{"rendered":"6.\u00aa Caminhada \u201cD\u00ea pernas aos seus pulm\u00f5es\u201d"},"content":{"rendered":"<p><span style=\"color: #000000; font-family: Calibri;\">Com o objetivo de educar para a Sa\u00fade e desmistificar os receios dos doentes com problemas respirat\u00f3rios em rela\u00e7\u00e3o \u00e0 atividade f\u00edsica, o Setor de Reabilita\u00e7\u00e3o Respirat\u00f3ria do Servi\u00e7o de Pneumologia da ULS da Guarda realizou esta tarde, mais uma caminhada destinada a doentes respirat\u00f3rios cr\u00f3nicos e com patologias obstrutivas e restritivas.<\/span><!--more--><\/p>\n<p><span style=\"color: #000000; font-family: Calibri;\">A caminhada, inserida no projeto \u201cD\u00ea pernas aos seus pulm\u00f5es\u201d foi feita desta vez no Parque Urbano do Rio Diz e contou com o apoio do Municipio da Guarda. Os nossos utentes e profissionais terminaram a caminhada com um piquenique.<\/span><\/p>\n<p>&nbsp;<\/p>\n","protected":false},"excerpt":{"rendered":"<p>Com o objetivo de educar para a Sa\u00fade e desmistificar os receios dos doentes com problemas respirat\u00f3rios em rela\u00e7\u00e3o \u00e0 atividade f\u00edsica, o Setor de Reabilita\u00e7\u00e3o Respirat\u00f3ria do Servi\u00e7o de Pneumologia da ULS da Guarda realizou esta tarde, mais uma caminhada destinada a doentes respirat\u00f3rios cr\u00f3nicos e com patologias obstrutivas e restritivas.<\/p>\n","protected":false},"author":46,"featured_media":7954,"comment_status":"closed","ping_status":"open","sticky":false,"template":"","format":"standard","meta":{"footnotes":""},"categories":[8],"tags":[],"class_list":["post-7952","post","type-post","status-publish","format-standard","has-post-thumbnail","hentry","category-noticias"],"_links":{"self":[{"href":"https:\/\/portaisuls-qua.azurewebsites.net\/ulsg\/wp-json\/wp\/v2\/posts\/7952","targetHints":{"allow":["GET"]}}],"collection":[{"href":"https:\/\/portaisuls-qua.azurewebsites.net\/ulsg\/wp-json\/wp\/v2\/posts"}],"about":[{"href":"https:\/\/portaisuls-qua.azurewebsites.net\/ulsg\/wp-json\/wp\/v2\/types\/post"}],"author":[{"embeddable":true,"href":"https:\/\/portaisuls-qua.azurewebsites.net\/ulsg\/wp-json\/wp\/v2\/users\/46"}],"replies":[{"embeddable":true,"href":"https:\/\/portaisuls-qua.azurewebsites.net\/ulsg\/wp-json\/wp\/v2\/comments?post=7952"}],"version-history":[{"count":1,"href":"https:\/\/portaisuls-qua.azurewebsites.net\/ulsg\/wp-json\/wp\/v2\/posts\/7952\/revisions"}],"predecessor-version":[{"id":7955,"href":"https:\/\/portaisuls-qua.azurewebsites.net\/ulsg\/wp-json\/wp\/v2\/posts\/7952\/revisions\/7955"}],"wp:featuredmedia":[{"embeddable":true,"href":"https:\/\/portaisuls-qua.azurewebsites.net\/ulsg\/wp-json\/wp\/v2\/media\/7954"}],"wp:attachment":[{"href":"https:\/\/portaisuls-qua.azurewebsites.net\/ulsg\/wp-json\/wp\/v2\/media?parent=7952"}],"wp:term":[{"taxonomy":"category","embeddable":true,"href":"https:\/\/portaisuls-qua.azurewebsites.net\/ulsg\/wp-json\/wp\/v2\/categories?post=7952"},{"taxonomy":"post_tag","embeddable":true,"href":"https:\/\/portaisuls-qua.azurewebsites.net\/ulsg\/wp-json\/wp\/v2\/tags?post=7952"}],"curies":[{"name":"wp","href":"https:\/\/api.w.org\/{rel}","templated":true}]}}